{"id":1520,"date":"2025-12-13T09:41:34","date_gmt":"2025-12-13T09:41:34","guid":{"rendered":"https:\/\/seirp.rzeszow.pl\/2025\/?p=1520"},"modified":"2026-04-21T17:43:45","modified_gmt":"2026-04-21T17:43:45","slug":"chorwacja-2026-propozycja-wyjazdu","status":"publish","type":"post","link":"https:\/\/seirp.rzeszow.pl\/2025\/chorwacja-2026-propozycja-wyjazdu\/","title":{"rendered":"Chorwacja 2026 &#8211; propozycja wyjazdu"},"content":{"rendered":"\n<p>Zarz\u0105d Ko\u0142a nr1 SEiRP w Rzeszowie planuje zorganizowa\u0107 w dniach <strong>od 11.10 do 20.10. 2026 roku<\/strong> wycieczk\u0119 na Chorwacj\u0119. <br>Koszt wycieczki to <strong>3.100 z\u0142\/os<\/strong> .<\/p>\n\n\n\n<p><br>Cena zawiera:<\/p>\n\n\n\n<ul class=\"wp-block-list\">\n<li>przejazd autokarem<\/li>\n\n\n\n<li>2 noclegi tranzytowe (Czechy, S\u0142owacja lub W\u0119gry)<\/li>\n\n\n\n<li>7 nocleg\u00f3w na Chorwacji<\/li>\n\n\n\n<li>wy\u017cywienie ( \u015bniadanie i obiadokolacja )<\/li>\n\n\n\n<li>wycieczki do Splitu, Makarskiej i Sanktuarium Vepric, G\u00f3rnej Podgory- koncert organowy<\/li>\n\n\n\n<li>zbi\u00f3r mandarynek w Dolinie Neretwi<\/li>\n\n\n\n<li>opiek\u0119 rezydenta w trakcie pobytu<\/li>\n\n\n\n<li>obs\u0142ug\u0119 lokalnych przewodnik\u00f3w<\/li>\n\n\n\n<li>ubezpieczenie turystyczne<\/li>\n<\/ul>\n\n\n\n<p>Zakwaterowanie przewidziane jest w hotelu ALEMARIS- Makarska Riviera w pokojach 2-osobowych. <br>Hotel posiada wind\u0119 a wszystkie pokoje maj\u0105 balkon i klimatyzacj\u0119.<br>W pokojach na wyposa\u017ceniu jest TV, czajnik, szklanki i r\u0119czniki.Hotel nie oferuje r\u0119cznik\u00f3w pla\u017cowych. <br>W czasie pobytu hotel oferuje o godz.6.45 gimnastyk\u0119 porann\u0105 i wieczorki taneczne o godz.19.00.<\/p>\n\n\n\n<p>W czasie postoj\u00f3w tranzytowych na W\u0119grzech planowane s\u0105 dodatkowe atrakcje jak zwiedzanie jaski\u0144 w Aggteleki Nemzeti Park oraz Degustacja win lub Wiecz\u00f3r W\u0119gierski.<br>Program wycieczki mo\u017ce ulec zmianie.<br><strong>Zg\u0142oszenia przyjmowane b\u0119d\u0105 w ka\u017cd\u0105 \u015brod\u0119 w Siedzibie Ko\u0142a w Rzeszowie do ko\u0144ca stycznia 2026 roku.<\/strong><\/p>\n","protected":false},"excerpt":{"rendered":"<p>Zarz\u0105d Ko\u0142a nr1 SEiRP w Rzeszowie planuje zorganizowa\u0107 w dniach od 11.10 do 20.10. 2026 roku wycieczk\u0119 na Chorwacj\u0119. Koszt wycieczki to 3.100 z\u0142\/os . Cena zawiera: Zakwaterowanie przewidziane jest w hotelu ALEMARIS- Makarska Riviera w pokojach 2-osobowych. Hotel posiada wind\u0119 a wszystkie pokoje maj\u0105 balkon i klimatyzacj\u0119.W pokojach na wyposa\u017ceniu jest TV, czajnik, szklanki [&hellip;]<\/p>\n","protected":false},"author":1,"featured_media":1937,"comment_status":"closed","ping_status":"closed","sticky":false,"template":"","format":"standard","meta":{"footnotes":""},"categories":[39,38,56],"tags":[],"class_list":["post-1520","post","type-post","status-publish","format-standard","has-post-thumbnail","hentry","category-rzeszow-kolo-aktualnosci","category-rzeszow-kolo","category-zw-propozycje-wypoczynku"],"_links":{"self":[{"href":"https:\/\/seirp.rzeszow.pl\/2025\/wp-json\/wp\/v2\/posts\/1520","targetHints":{"allow":["GET"]}}],"collection":[{"href":"https:\/\/seirp.rzeszow.pl\/2025\/wp-json\/wp\/v2\/posts"}],"about":[{"href":"https:\/\/seirp.rzeszow.pl\/2025\/wp-json\/wp\/v2\/types\/post"}],"author":[{"embeddable":true,"href":"https:\/\/seirp.rzeszow.pl\/2025\/wp-json\/wp\/v2\/users\/1"}],"replies":[{"embeddable":true,"href":"https:\/\/seirp.rzeszow.pl\/2025\/wp-json\/wp\/v2\/comments?post=1520"}],"version-history":[{"count":3,"href":"https:\/\/seirp.rzeszow.pl\/2025\/wp-json\/wp\/v2\/posts\/1520\/revisions"}],"predecessor-version":[{"id":1523,"href":"https:\/\/seirp.rzeszow.pl\/2025\/wp-json\/wp\/v2\/posts\/1520\/revisions\/1523"}],"wp:featuredmedia":[{"embeddable":true,"href":"https:\/\/seirp.rzeszow.pl\/2025\/wp-json\/wp\/v2\/media\/1937"}],"wp:attachment":[{"href":"https:\/\/seirp.rzeszow.pl\/2025\/wp-json\/wp\/v2\/media?parent=1520"}],"wp:term":[{"taxonomy":"category","embeddable":true,"href":"https:\/\/seirp.rzeszow.pl\/2025\/wp-json\/wp\/v2\/categories?post=1520"},{"taxonomy":"post_tag","embeddable":true,"href":"https:\/\/seirp.rzeszow.pl\/2025\/wp-json\/wp\/v2\/tags?post=1520"}],"curies":[{"name":"wp","href":"https:\/\/api.w.org\/{rel}","templated":true}]}}