{"id":1544,"date":"2025-12-21T13:56:56","date_gmt":"2025-12-21T13:56:56","guid":{"rendered":"https:\/\/seirp.rzeszow.pl\/2025\/?p=1544"},"modified":"2025-12-23T08:54:26","modified_gmt":"2025-12-23T08:54:26","slug":"kolo-seirp-niebylec-dane-kontaktowe","status":"publish","type":"post","link":"https:\/\/seirp.rzeszow.pl\/2025\/kolo-seirp-niebylec-dane-kontaktowe\/","title":{"rendered":"Zarz\u0105d Ko\u0142a Niebylec &#8211; dane kontaktowe"},"content":{"rendered":"<p>Stowarzyszenie Emeryt\u00f3w i Rencist\u00f3w Policyjnych pow. Strzy\u017c\u00f3w z siedzib\u0105 w Niebylec 182\u00a0 \u00a0 \u00a0 \u00a0 \u00a0 \u00a0 \u00a0 \u00a0 \u00a0 \u00a0 \u00a0 \u00a0 \u00a0 \u00a0 \u00a0 \u00a0 \u00a0 \u00a0 \u00a0 \u00a0 \u00a0 \u00a0 \u00a0 \u00a0 \u00a0 \u00a0 \u00a0 \u00a0 \u00a0 \u00a0 \u00a0 \u00a0 \u00a0 \u00a0 \u00a0 \u00a0 \u00a0 \u00a0 \u00a0 \u00a0 \u00a0 \u00a0 \u00a0 \u00a0 \u00a0 \u00a0 \u00a0 \u00a0 \u00a0 \u00a0<\/p>\n<p style=\"text-align: center;\">nr konta bankowego\u00a0 <br \/>07 9168 1030 0264 0123 2000 0010 <br \/>BS Strzy\u017c\u00f3w\u00a0 Oddzia\u0142 Niebylec<\/p>\n\n\n<div class=\"wp-block-group\"><div class=\"wp-block-group__inner-container is-layout-constrained wp-block-group-is-layout-constrained\">\n<figure class=\"wp-block-table aligncenter\"><table class=\"has-fixed-layout\"><tbody><tr><td><\/td><td><strong>Sk\u0142ad Zarz\u0105du<\/strong><\/td><td><\/td><\/tr><tr><td>Lutak Leszek<\/td><td>Prezes<\/td><td>tel. 698127553<\/td><\/tr><tr><td>Nowak Waldemar<\/td><td>Vice Prezes<\/td><td>tel. 512105854<\/td><\/tr><tr><td>Tworzyd\u0142o Marian<\/td><td>Sekretarz<\/td><td>tel. 604457046  <\/td><\/tr><\/tbody><\/table><\/figure>\n<\/div><\/div>\n\n\n<p>W ka\u017cdy pi\u0105tek w godz. 8.00 do 11.00 <br \/>w siedzibie Stowarzyszenia &#8211;\u00a0 Niebylec 182 <br \/>( obok Posterunku Policji) cz\u0142onkowie zarz\u0105du pe\u0142ni\u0105 dy\u017cur. <br \/>Zapraszamy do kontaktu i odwiedzin naszej plac\u00f3wki.<\/p>","protected":false},"excerpt":{"rendered":"<p>Stowarzyszenie Emeryt\u00f3w i Rencist\u00f3w Policyjnych pow. Strzy\u017c\u00f3w z siedzib\u0105 w Niebylec 182\u00a0 \u00a0 \u00a0 \u00a0 \u00a0 \u00a0 \u00a0 \u00a0 \u00a0 \u00a0 \u00a0 \u00a0 \u00a0 \u00a0 \u00a0 \u00a0 \u00a0 \u00a0 \u00a0 \u00a0 \u00a0 \u00a0 \u00a0 \u00a0 \u00a0 \u00a0 \u00a0 \u00a0 \u00a0 \u00a0 \u00a0 \u00a0 \u00a0 \u00a0 \u00a0 \u00a0 \u00a0 \u00a0 \u00a0 \u00a0 \u00a0 \u00a0 \u00a0 \u00a0 [&hellip;]<\/p>\n","protected":false},"author":1,"featured_media":0,"comment_status":"closed","ping_status":"closed","sticky":false,"template":"","format":"standard","meta":{"footnotes":""},"categories":[112],"tags":[],"class_list":["post-1544","post","type-post","status-publish","format-standard","hentry","category-niebylec-kolo"],"_links":{"self":[{"href":"https:\/\/seirp.rzeszow.pl\/2025\/wp-json\/wp\/v2\/posts\/1544","targetHints":{"allow":["GET"]}}],"collection":[{"href":"https:\/\/seirp.rzeszow.pl\/2025\/wp-json\/wp\/v2\/posts"}],"about":[{"href":"https:\/\/seirp.rzeszow.pl\/2025\/wp-json\/wp\/v2\/types\/post"}],"author":[{"embeddable":true,"href":"https:\/\/seirp.rzeszow.pl\/2025\/wp-json\/wp\/v2\/users\/1"}],"replies":[{"embeddable":true,"href":"https:\/\/seirp.rzeszow.pl\/2025\/wp-json\/wp\/v2\/comments?post=1544"}],"version-history":[{"count":7,"href":"https:\/\/seirp.rzeszow.pl\/2025\/wp-json\/wp\/v2\/posts\/1544\/revisions"}],"predecessor-version":[{"id":1613,"href":"https:\/\/seirp.rzeszow.pl\/2025\/wp-json\/wp\/v2\/posts\/1544\/revisions\/1613"}],"wp:attachment":[{"href":"https:\/\/seirp.rzeszow.pl\/2025\/wp-json\/wp\/v2\/media?parent=1544"}],"wp:term":[{"taxonomy":"category","embeddable":true,"href":"https:\/\/seirp.rzeszow.pl\/2025\/wp-json\/wp\/v2\/categories?post=1544"},{"taxonomy":"post_tag","embeddable":true,"href":"https:\/\/seirp.rzeszow.pl\/2025\/wp-json\/wp\/v2\/tags?post=1544"}],"curies":[{"name":"wp","href":"https:\/\/api.w.org\/{rel}","templated":true}]}}