{"id":1654,"date":"2025-10-24T11:40:00","date_gmt":"2025-10-24T11:40:00","guid":{"rendered":"https:\/\/seirp.rzeszow.pl\/2025\/?p=1654"},"modified":"2026-01-06T11:51:38","modified_gmt":"2026-01-06T11:51:38","slug":"wycieczka-w-bieszczady-polska-zlota-jesien","status":"publish","type":"post","link":"https:\/\/seirp.rzeszow.pl\/2025\/wycieczka-w-bieszczady-polska-zlota-jesien\/","title":{"rendered":"Wycieczka w Bieszczady &#8211; Polska Z\u0142ota Jesie\u0144"},"content":{"rendered":"<p><strong>Termin:<\/strong> 20\u201323.10.2025 r.<br \/><strong>Poprzedni pobyt:<\/strong> 09\u201311.10.2016 r. (Hotel \u201eEwka\u201d)<br \/><strong>Charakter wyjazdu:<\/strong> zwiedzanie Bieszczadzkiego Parku Narodowego i jego otuliny<\/p>\n<p>Wyjazd odby\u0142 si\u0119 w wyj\u0105tkowo sprzyjaj\u0105cych warunkach pogodowych, co pozwoli\u0142o w pe\u0142ni podziwia\u0107 <strong>z\u0142ot\u0105 polsk\u0105 jesie\u0144<\/strong>, nieobecn\u0105 podczas wcze\u015bniejszego pobytu.<\/p>\n<p><strong>20.10.2025 r.<\/strong><\/p>\n<p>Przejazd Ma\u0142\u0105 i Du\u017c\u0105 Obwodnic\u0105 Bieszczadzk\u0105: <strong>Berezka \u2013 \u015arednia Wie\u015b \u2013 Baligr\u00f3d<\/strong> (cmentarz wojenny z pomnikiem czo\u0142gu T-25 na rynku), <strong>Jab\u0142onki<\/strong> (pomnik gen. Karola \u015awierczewskiego), <strong>Prze\u0142\u0119cz Wy\u017cna<\/strong>, <strong>Przys\u0142up<\/strong>, okolice Po\u0142oniny Cary\u0144skiej.<br \/>Odby\u0142 si\u0119 spacer do schroniska PTTK pod Ma\u0142\u0105 Rawk\u0105. Trasa wiod\u0142a przez <strong>Ustrzyki G\u00f3rne, Wo\u0142osate, Stuposiany<\/strong>, <strong>Smolnik<\/strong> (cerkiew bojkowska z 1791 r.), <strong>Olchowiec<\/strong> oraz punkty widokowe na <strong>Jezioro Soli\u0144skie<\/strong>.<\/p>\n<p><strong>21.10.2025 r.<\/strong><\/p>\n<p>Przejazd <strong>Bieszczadzk\u0105 Kolejk\u0105 W\u0105skotorow\u0105<\/strong>, nast\u0119pnie pobyt w <strong>Cisnej<\/strong>, w tym w znanej restauracji \u201eSiekieryzada\u201d. Kolejnym punktem by\u0142y <strong>Nowosi\u00f3\u0142ki<\/strong> i muzeum \u0142owiectwa <strong>\u201eKnieja\u201d<\/strong>, gdzie podziwiano bogate zbiory eksponat\u00f3w.<\/p>\n<p><strong>22.10.2025 r.<\/strong><\/p>\n<p>Zwiedzanie <strong>Pola\u0144czyka<\/strong> wraz z punktem widokowym na panoram\u0119 Jeziora Soli\u0144skiego. Obiad w restauracji \u201eZakapior\u00f3w Bieszczadzkich\u201d. Nast\u0119pnie rejs statkiem po jeziorze oraz spacer po zaporze w <strong>Solinie<\/strong>.<\/p>\n<p><strong>23.10.2025 r.<\/strong><\/p>\n<p>Ostatniego dnia odwiedzono <strong>Koma\u0144cz\u0119<\/strong> \u2013 klasztor, w kt\u00f3rym internowany by\u0142 kard. Stefan Wyszy\u0144ski, a nast\u0119pnie <strong>Sanok<\/strong>, gdzie zwiedzono skansen budownictwa ludowego.<\/p>\n<p><strong>Podsumowanie<\/strong><\/p>\n<p>Obie wycieczki spe\u0142ni\u0142y za\u0142o\u017cone cele wypoczynkowe, krajoznawcze i integracyjne. Uczestnicy mieli mo\u017cliwo\u015b\u0107 por\u00f3wnania zmian w infrastrukturze turystycznej oraz jako\u015bci obs\u0142ugi zwiedzaj\u0105cych. Szczeg\u00f3lne wra\u017cenie wywar\u0142a nowa atrakcja w Mamerkach oraz niezwyk\u0142e walory krajobrazowe Bieszczad\u00f3w w okresie z\u0142otej jesieni.<\/p>\n<p>Wyjazdy potwierdzi\u0142y zasadno\u015b\u0107 organizowania kolejnych wsp\u00f3lnych przedsi\u0119wzi\u0119\u0107 turystycznych przez Ko\u0142o Stowarzyszenia Emeryt\u00f3w i Rencist\u00f3w Policyjnych w Lubaczowie.<\/p>\n\n<style type=\"text\/css\">\n#foogallery-gallery-1653.fg-justified .fg-item { margin-right: 2px; margin-bottom: 2px; }\n#foogallery-gallery-1653.fg-justified .fg-image { height: 200px; }<\/style>\n\t\t\t<div class=\"foogallery foogallery-container foogallery-justified foogallery-lightbox-foogallery fg-justified fg-ready fg-light fg-shadow-outline fg-loading-default fg-loaded-fade-in fg-caption-always fg-hover-fade fg-hover-zoom2\" id=\"foogallery-gallery-1653\" data-foogallery=\"{&quot;item&quot;:{&quot;showCaptionTitle&quot;:true,&quot;showCaptionDescription&quot;:false},&quot;lazy&quot;:true,&quot;template&quot;:{&quot;rowHeight&quot;:200,&quot;maxRowHeight&quot;:300,&quot;margins&quot;:2,&quot;align&quot;:&quot;center&quot;,&quot;lastRow&quot;:&quot;smart&quot;}}\" data-foogallery-lightbox=\"{&quot;thumbs&quot;:&quot;bottom&quot;,&quot;thumbsCaptions&quot;:false,&quot;thumbsBestFit&quot;:false,&quot;thumbsSmall&quot;:false,&quot;thumbsCaptionsAlign&quot;:&quot;default&quot;,&quot;info&quot;:&quot;bottom&quot;,&quot;infoVisible&quot;:true,&quot;infoOverlay&quot;:true,&quot;infoAlign&quot;:&quot;default&quot;,&quot;transition&quot;:&quot;fade&quot;,&quot;hoverButtons&quot;:false,&quot;fitMedia&quot;:false,&quot;noScrollbars&quot;:true,&quot;preserveButtonSpace&quot;:true,&quot;buttons&quot;:{&quot;fullscreen&quot;:true,&quot;info&quot;:true,&quot;thumbs&quot;:false},&quot;video&quot;:{&quot;autoPlay&quot;:true}}\" style=\"--fg-title-line-clamp: 1; --fg-description-line-clamp: 2;\" >\n\t<div class=\"fg-item fg-type-image fg-idle\"><figure class=\"fg-item-inner\"><a href=\"https:\/\/seirp.rzeszow.pl\/2025\/wp-content\/uploads\/2026\/01\/2025-10-20_lubaczowbieszczady_001.jpg\" data-attachment-id=\"1643\" data-e-disable-page-transition=\"true\" data-type=\"image\" class=\"fg-thumb\"><span class=\"fg-image-wrap\"><img fetchpriority=\"high\" decoding=\"async\" height=\"300\" width=\"300\" class=\"skip-lazy fg-image\" data-src-fg=\"https:\/\/seirp.rzeszow.pl\/2025\/wp-content\/uploads\/cache\/2026\/01\/2025-10-20_lubaczowbieszczady_001\/1382649307.jpg\" src=\"data:image\/svg+xml,%3Csvg%20xmlns%3D%22http%3A%2F%2Fwww.w3.org%2F2000%2Fsvg%22%20width%3D%22300%22%20height%3D%22300%22%20viewBox%3D%220%200%20300%20300%22%3E%3C%2Fsvg%3E\" loading=\"eager\"><\/span><span class=\"fg-image-overlay\"><\/span><\/a><\/figure><div class=\"fg-loader\"><\/div><\/div><div class=\"fg-item fg-type-image fg-idle\"><figure class=\"fg-item-inner\"><a href=\"https:\/\/seirp.rzeszow.pl\/2025\/wp-content\/uploads\/2026\/01\/2025-10-20_lubaczowbieszczady_002.jpg\" data-attachment-id=\"1644\" data-e-disable-page-transition=\"true\" data-type=\"image\" class=\"fg-thumb\"><span class=\"fg-image-wrap\"><img decoding=\"async\" height=\"300\" width=\"300\" class=\"skip-lazy fg-image\" data-src-fg=\"https:\/\/seirp.rzeszow.pl\/2025\/wp-content\/uploads\/cache\/2026\/01\/2025-10-20_lubaczowbieszczady_002\/1224008392.jpg\" src=\"data:image\/svg+xml,%3Csvg%20xmlns%3D%22http%3A%2F%2Fwww.w3.org%2F2000%2Fsvg%22%20width%3D%22300%22%20height%3D%22300%22%20viewBox%3D%220%200%20300%20300%22%3E%3C%2Fsvg%3E\" loading=\"eager\"><\/span><span class=\"fg-image-overlay\"><\/span><\/a><\/figure><div class=\"fg-loader\"><\/div><\/div><div class=\"fg-item fg-type-image fg-idle\"><figure class=\"fg-item-inner\"><a href=\"https:\/\/seirp.rzeszow.pl\/2025\/wp-content\/uploads\/2026\/01\/2025-10-20_lubaczowbieszczady_003.jpg\" data-attachment-id=\"1645\" data-e-disable-page-transition=\"true\" data-type=\"image\" class=\"fg-thumb\"><span class=\"fg-image-wrap\"><img decoding=\"async\" height=\"300\" width=\"300\" class=\"skip-lazy fg-image\" data-src-fg=\"https:\/\/seirp.rzeszow.pl\/2025\/wp-content\/uploads\/cache\/2026\/01\/2025-10-20_lubaczowbieszczady_003\/2061408747.jpg\" src=\"data:image\/svg+xml,%3Csvg%20xmlns%3D%22http%3A%2F%2Fwww.w3.org%2F2000%2Fsvg%22%20width%3D%22300%22%20height%3D%22300%22%20viewBox%3D%220%200%20300%20300%22%3E%3C%2Fsvg%3E\" loading=\"eager\"><\/span><span class=\"fg-image-overlay\"><\/span><\/a><\/figure><div class=\"fg-loader\"><\/div><\/div><div class=\"fg-item fg-type-image fg-idle\"><figure class=\"fg-item-inner\"><a href=\"https:\/\/seirp.rzeszow.pl\/2025\/wp-content\/uploads\/2026\/01\/2025-10-20_lubaczowbieszczady_004.jpg\" data-attachment-id=\"1646\" data-e-disable-page-transition=\"true\" data-type=\"image\" class=\"fg-thumb\"><span class=\"fg-image-wrap\"><img decoding=\"async\" height=\"300\" width=\"300\" class=\"skip-lazy fg-image\" data-src-fg=\"https:\/\/seirp.rzeszow.pl\/2025\/wp-content\/uploads\/cache\/2026\/01\/2025-10-20_lubaczowbieszczady_004\/2833914484.jpg\" src=\"data:image\/svg+xml,%3Csvg%20xmlns%3D%22http%3A%2F%2Fwww.w3.org%2F2000%2Fsvg%22%20width%3D%22300%22%20height%3D%22300%22%20viewBox%3D%220%200%20300%20300%22%3E%3C%2Fsvg%3E\" loading=\"eager\"><\/span><span class=\"fg-image-overlay\"><\/span><\/a><\/figure><div class=\"fg-loader\"><\/div><\/div><div class=\"fg-item fg-type-image fg-idle\"><figure class=\"fg-item-inner\"><a href=\"https:\/\/seirp.rzeszow.pl\/2025\/wp-content\/uploads\/2026\/01\/2025-10-20_lubaczowbieszczady_005.jpg\" data-attachment-id=\"1647\" data-e-disable-page-transition=\"true\" data-type=\"image\" class=\"fg-thumb\"><span class=\"fg-image-wrap\"><img decoding=\"async\" height=\"300\" width=\"300\" class=\"skip-lazy fg-image\" data-src-fg=\"https:\/\/seirp.rzeszow.pl\/2025\/wp-content\/uploads\/cache\/2026\/01\/2025-10-20_lubaczowbieszczady_005\/2596299095.jpg\" src=\"data:image\/svg+xml,%3Csvg%20xmlns%3D%22http%3A%2F%2Fwww.w3.org%2F2000%2Fsvg%22%20width%3D%22300%22%20height%3D%22300%22%20viewBox%3D%220%200%20300%20300%22%3E%3C%2Fsvg%3E\" loading=\"eager\"><\/span><span class=\"fg-image-overlay\"><\/span><\/a><\/figure><div class=\"fg-loader\"><\/div><\/div><div class=\"fg-item fg-type-image fg-idle\"><figure class=\"fg-item-inner\"><a href=\"https:\/\/seirp.rzeszow.pl\/2025\/wp-content\/uploads\/2026\/01\/2025-10-20_lubaczowbieszczady_006.jpg\" data-attachment-id=\"1648\" data-e-disable-page-transition=\"true\" data-type=\"image\" class=\"fg-thumb\"><span class=\"fg-image-wrap\"><img decoding=\"async\" height=\"300\" width=\"300\" class=\"skip-lazy fg-image\" data-src-fg=\"https:\/\/seirp.rzeszow.pl\/2025\/wp-content\/uploads\/cache\/2026\/01\/2025-10-20_lubaczowbieszczady_006\/429574824.jpg\" src=\"data:image\/svg+xml,%3Csvg%20xmlns%3D%22http%3A%2F%2Fwww.w3.org%2F2000%2Fsvg%22%20width%3D%22300%22%20height%3D%22300%22%20viewBox%3D%220%200%20300%20300%22%3E%3C%2Fsvg%3E\" loading=\"eager\"><\/span><span class=\"fg-image-overlay\"><\/span><\/a><\/figure><div class=\"fg-loader\"><\/div><\/div><div class=\"fg-item fg-type-image fg-idle\"><figure class=\"fg-item-inner\"><a href=\"https:\/\/seirp.rzeszow.pl\/2025\/wp-content\/uploads\/2026\/01\/2025-10-20_lubaczowbieszczady_007.jpg\" data-attachment-id=\"1649\" data-e-disable-page-transition=\"true\" data-type=\"image\" class=\"fg-thumb\"><span class=\"fg-image-wrap\"><img decoding=\"async\" height=\"300\" width=\"300\" class=\"skip-lazy fg-image\" data-src-fg=\"https:\/\/seirp.rzeszow.pl\/2025\/wp-content\/uploads\/cache\/2026\/01\/2025-10-20_lubaczowbieszczady_007\/733000075.jpg\" src=\"data:image\/svg+xml,%3Csvg%20xmlns%3D%22http%3A%2F%2Fwww.w3.org%2F2000%2Fsvg%22%20width%3D%22300%22%20height%3D%22300%22%20viewBox%3D%220%200%20300%20300%22%3E%3C%2Fsvg%3E\" loading=\"eager\"><\/span><span class=\"fg-image-overlay\"><\/span><\/a><\/figure><div class=\"fg-loader\"><\/div><\/div><div class=\"fg-item fg-type-image fg-idle\"><figure class=\"fg-item-inner\"><a href=\"https:\/\/seirp.rzeszow.pl\/2025\/wp-content\/uploads\/2026\/01\/2025-10-20_lubaczowbieszczady_008.jpg\" data-attachment-id=\"1650\" data-e-disable-page-transition=\"true\" data-type=\"image\" class=\"fg-thumb\"><span class=\"fg-image-wrap\"><img decoding=\"async\" height=\"300\" width=\"300\" class=\"skip-lazy fg-image\" data-src-fg=\"https:\/\/seirp.rzeszow.pl\/2025\/wp-content\/uploads\/cache\/2026\/01\/2025-10-20_lubaczowbieszczady_008\/553210684.jpg\" src=\"data:image\/svg+xml,%3Csvg%20xmlns%3D%22http%3A%2F%2Fwww.w3.org%2F2000%2Fsvg%22%20width%3D%22300%22%20height%3D%22300%22%20viewBox%3D%220%200%20300%20300%22%3E%3C%2Fsvg%3E\" loading=\"eager\"><\/span><span class=\"fg-image-overlay\"><\/span><\/a><\/figure><div class=\"fg-loader\"><\/div><\/div><div class=\"fg-item fg-type-image fg-idle\"><figure class=\"fg-item-inner\"><a href=\"https:\/\/seirp.rzeszow.pl\/2025\/wp-content\/uploads\/2026\/01\/2025-10-20_lubaczowbieszczady_009.jpg\" data-attachment-id=\"1651\" data-e-disable-page-transition=\"true\" data-type=\"image\" class=\"fg-thumb\"><span class=\"fg-image-wrap\"><img decoding=\"async\" height=\"300\" width=\"300\" class=\"skip-lazy fg-image\" data-src-fg=\"https:\/\/seirp.rzeszow.pl\/2025\/wp-content\/uploads\/cache\/2026\/01\/2025-10-20_lubaczowbieszczady_009\/315828255.jpg\" src=\"data:image\/svg+xml,%3Csvg%20xmlns%3D%22http%3A%2F%2Fwww.w3.org%2F2000%2Fsvg%22%20width%3D%22300%22%20height%3D%22300%22%20viewBox%3D%220%200%20300%20300%22%3E%3C%2Fsvg%3E\" loading=\"eager\"><\/span><span class=\"fg-image-overlay\"><\/span><\/a><\/figure><div class=\"fg-loader\"><\/div><\/div><div class=\"fg-item fg-type-image fg-idle\"><figure class=\"fg-item-inner\"><a href=\"https:\/\/seirp.rzeszow.pl\/2025\/wp-content\/uploads\/2026\/01\/2025-10-20_lubaczowbieszczady_010.jpg\" data-attachment-id=\"1652\" data-e-disable-page-transition=\"true\" data-type=\"image\" class=\"fg-thumb\"><span class=\"fg-image-wrap\"><img decoding=\"async\" height=\"300\" width=\"300\" class=\"skip-lazy fg-image\" data-src-fg=\"https:\/\/seirp.rzeszow.pl\/2025\/wp-content\/uploads\/cache\/2026\/01\/2025-10-20_lubaczowbieszczady_010\/3256266225.jpg\" src=\"data:image\/svg+xml,%3Csvg%20xmlns%3D%22http%3A%2F%2Fwww.w3.org%2F2000%2Fsvg%22%20width%3D%22300%22%20height%3D%22300%22%20viewBox%3D%220%200%20300%20300%22%3E%3C%2Fsvg%3E\" loading=\"eager\"><\/span><span class=\"fg-image-overlay\"><\/span><\/a><\/figure><div class=\"fg-loader\"><\/div><\/div><\/div>\n\n","protected":false},"excerpt":{"rendered":"<p>Termin: 20\u201323.10.2025 r.Poprzedni pobyt: 09\u201311.10.2016 r. (Hotel \u201eEwka\u201d)Charakter wyjazdu: zwiedzanie Bieszczadzkiego Parku Narodowego i jego otuliny Wyjazd odby\u0142 si\u0119 w wyj\u0105tkowo sprzyjaj\u0105cych warunkach pogodowych, co pozwoli\u0142o w pe\u0142ni podziwia\u0107 z\u0142ot\u0105 polsk\u0105 jesie\u0144, nieobecn\u0105 podczas wcze\u015bniejszego pobytu. 20.10.2025 r. Przejazd Ma\u0142\u0105 i Du\u017c\u0105 Obwodnic\u0105 Bieszczadzk\u0105: Berezka \u2013 \u015arednia Wie\u015b \u2013 Baligr\u00f3d (cmentarz wojenny z pomnikiem czo\u0142gu [&hellip;]<\/p>\n","protected":false},"author":1,"featured_media":0,"comment_status":"closed","ping_status":"","sticky":false,"template":"","format":"standard","meta":{"footnotes":""},"categories":[115,114],"tags":[],"class_list":["post-1654","post","type-post","status-publish","format-standard","hentry","category-lubaczow-kolo-aktualnosci","category-lubaczow-kolo"],"_links":{"self":[{"href":"https:\/\/seirp.rzeszow.pl\/2025\/wp-json\/wp\/v2\/posts\/1654","targetHints":{"allow":["GET"]}}],"collection":[{"href":"https:\/\/seirp.rzeszow.pl\/2025\/wp-json\/wp\/v2\/posts"}],"about":[{"href":"https:\/\/seirp.rzeszow.pl\/2025\/wp-json\/wp\/v2\/types\/post"}],"author":[{"embeddable":true,"href":"https:\/\/seirp.rzeszow.pl\/2025\/wp-json\/wp\/v2\/users\/1"}],"replies":[{"embeddable":true,"href":"https:\/\/seirp.rzeszow.pl\/2025\/wp-json\/wp\/v2\/comments?post=1654"}],"version-history":[{"count":1,"href":"https:\/\/seirp.rzeszow.pl\/2025\/wp-json\/wp\/v2\/posts\/1654\/revisions"}],"predecessor-version":[{"id":1655,"href":"https:\/\/seirp.rzeszow.pl\/2025\/wp-json\/wp\/v2\/posts\/1654\/revisions\/1655"}],"wp:attachment":[{"href":"https:\/\/seirp.rzeszow.pl\/2025\/wp-json\/wp\/v2\/media?parent=1654"}],"wp:term":[{"taxonomy":"category","embeddable":true,"href":"https:\/\/seirp.rzeszow.pl\/2025\/wp-json\/wp\/v2\/categories?post=1654"},{"taxonomy":"post_tag","embeddable":true,"href":"https:\/\/seirp.rzeszow.pl\/2025\/wp-json\/wp\/v2\/tags?post=1654"}],"curies":[{"name":"wp","href":"https:\/\/api.w.org\/{rel}","templated":true}]}}