{"id":1680,"date":"2026-01-21T09:20:21","date_gmt":"2026-01-21T09:20:21","guid":{"rendered":"https:\/\/seirp.rzeszow.pl\/2025\/?p=1680"},"modified":"2026-04-08T11:49:09","modified_gmt":"2026-04-08T11:49:09","slug":"zimowa-regeneracja-w-rabce-zdroju","status":"publish","type":"post","link":"https:\/\/seirp.rzeszow.pl\/2025\/zimowa-regeneracja-w-rabce-zdroju\/","title":{"rendered":"Zimowa regeneracja w Rabce Zdroju"},"content":{"rendered":"<p>W dniach 10-17 stycznia 2026 roku Zarz\u0105d Oddzia\u0142u Wojew\u00f3dzkiego Stowarzyszenia Emeryt\u00f3w i Rencist\u00f3w Policyjnych w Rzeszowie zorganizowa\u0142 dla uczestnik\u00f3w stowarzyszenia siedmiodniowy turnus rehabilitacyjno- wypoczynkowy w o\u015brodku San Vita w Rabce Zdroju. Udzia\u0142 bra\u0142a grupa 50 os\u00f3b z K\u00f3\u0142: Rzeszowa, Jas\u0142a, Mielca, Tarnobrzega oraz Torunia.<\/p>\n<p>Rabka-Zdr\u00f3j przywita\u0142a uczestnik\u00f3w prawdziwie zimow\u0105 aur\u0105. To miejsce idealne do rehabilitacji, rekreacji i odnowy biologicznej o czym uczestnicy przekonali si\u0119 na w\u0142asnej sk\u00f3rze.<\/p>\n<p>O\u015brodek SanVita zapewni\u0142 nam : indywidualn\u0105 opiek\u0119, ka\u017cdy z uczestnik\u00f3w korzysta\u0142 z 3 zabieg\u00f3w rehabilitacyjnych dziennie, dobranych pod k\u0105tem konkretnych schorze\u0144. Wy\u015bmienita kuchnia dope\u0142ni\u0142a komfort pobytu.<\/p>\n<p>G\u0142\u00f3wn\u0105 atrakcj\u0105 turnusu dla senior\u00f3w by\u0142 zorganizowany kulig zaprz\u0119gami konnymi po\u0142\u0105czony z pieczeniem kie\u0142basek. Trasa wiod\u0142a le\u015bnymi duktami i polami pod g\u00f3r\u0119 \u201dKrzywo\u0144\u201d.<br \/>\nBlask pochodni odbijaj\u0105cych si\u0119 od \u015bniegu w po\u0142\u0105czeniu z krajobrazem Gorc\u00f3w i Beskidu Wyspowego tworzy\u0142 bajkow\u0105 atmosfer\u0119. Uczestnicy turnusu nie ograniczali si\u0119 tylko do zabieg\u00f3w. Najbardziej wytrwali \u015bmia\u0142kowie, kt\u00f3rzy mimo trudnych warunk\u00f3w atmosferycznych zdobyli dwa szczyty Lubo\u0144 Wielki (najwybitniejszy szczyt g\u00f3rski w Beskidzie Wyspowym 1022 m n.p.m.) gdzie na jego szczycie znajduje si\u0119 niedu\u017ce schronisko PTTK wybudowane w 1031 roku. Ze szczytu rozlegaj\u0105 si\u0119 widoki na p\u00f3\u0142noc i zach\u00f3d.<br \/>\nNa po\u0142udniowo-wschodnim stoku utworzono rezerwat przyrody dla ochrony najwi\u0119kszego w Beskidzie Wyspowym go\u0142oborza oraz ska\u0142ek, zwanych Dziurawymi Turniami. Ze szczytem Lubonia zwi\u0105zanych jest wiele legend i opowie\u015bci ludowych, oraz Maciejow\u0105 (szczyt w Gorcach 837 m n.p.m.) po\u0142o\u017cony jest na d\u0142ugim grzbiecie biegn\u0105cym od Turbacza na zach\u00f3d do Rabki-Zdroju. Na szczycie Przys\u0142op stoi Bac\u00f3wka PTTK na Maciejowej, sk\u0105d podziwia\u0107 mo\u017cna panoram\u0119 Babiej G\u00f3ry. Wieczory wype\u0142nia\u0142y seanse w saunie, jacuzzi, oraz wieczorki taneczne. Nie zabrak\u0142o te\u017c wypadu na termy Chocho\u0142owskie, oraz g\u00f3ralskiej muzyki w \u201eSiwym Dymie\u201d, gdzie delektowano si\u0119 smakami Podhala.<br \/>\nW\u015br\u00f3d uczestnik\u00f3w znalaz\u0142o si\u0119 kilku narciarzy, kt\u00f3rzy skorzystali z pobliskich stok\u00f3w zjazdowych.<\/p>\n<p>Wyjazd udowodni\u0142, \u017ce po\u0142\u0105czenie dbania o zdrowie z odrobin\u0105 szale\u0144stwa to przepis na udan\u0105 kr\u00f3tk\u0105 siedmiodniow\u0105 rehabilitacj\u0119 i wypoczynek uczestnik\u00f3w turnusu. Wieczorne rozmowy, integracja cz\u0142onk\u00f3w z r\u00f3\u017cnych k\u00f3\u0142 i wzajemna serdeczno\u015b\u0107 sprawi\u0142y, \u017ce wszyscy wr\u00f3cili do dom\u00f3w zadowoleni i zregenerowani.<\/p>\n<style type=\"text\/css\">\n#foogallery-gallery-1669 .fg-image { width: 270px; }\n#foogallery-gallery-1669 { --fg-gutter: 10px; }<\/style>\n\t\t\t<div class=\"foogallery foogallery-container foogallery-default foogallery-lightbox-foogallery fg-center fg-default fg-ready fg-light fg-shadow-medium fg-loading-default fg-loaded-fade-in fg-preset fg-brad fg-preset-small fg-preset fg-brad fg-preset-small\" id=\"foogallery-gallery-1669\" data-foogallery=\"{&quot;item&quot;:{&quot;showCaptionTitle&quot;:true,&quot;showCaptionDescription&quot;:true},&quot;lazy&quot;:true}\" data-foogallery-lightbox=\"{&quot;thumbs&quot;:&quot;bottom&quot;,&quot;thumbsCaptions&quot;:false,&quot;thumbsBestFit&quot;:false,&quot;thumbsSmall&quot;:false,&quot;thumbsCaptionsAlign&quot;:&quot;default&quot;,&quot;info&quot;:&quot;bottom&quot;,&quot;infoVisible&quot;:true,&quot;infoOverlay&quot;:true,&quot;infoAlign&quot;:&quot;default&quot;,&quot;transition&quot;:&quot;fade&quot;,&quot;hoverButtons&quot;:false,&quot;fitMedia&quot;:false,&quot;noScrollbars&quot;:true,&quot;preserveButtonSpace&quot;:true,&quot;buttons&quot;:{&quot;fullscreen&quot;:true,&quot;info&quot;:true,&quot;thumbs&quot;:false},&quot;video&quot;:{&quot;autoPlay&quot;:true}}\" style=\"--fg-title-line-clamp: 1; --fg-description-line-clamp: 2;\" >\n\t<div class=\"fg-item fg-type-image fg-idle\"><figure class=\"fg-item-inner\"><a href=\"https:\/\/seirp.rzeszow.pl\/2025\/wp-content\/uploads\/2026\/01\/2026-01-12_rabka_001.jpg\" data-attachment-id=\"1670\" data-e-disable-page-transition=\"true\" data-type=\"image\" class=\"fg-thumb\"><span class=\"fg-image-wrap\"><img fetchpriority=\"high\" decoding=\"async\" width=\"270\" height=\"230\" class=\"skip-lazy fg-image\" data-src-fg=\"https:\/\/seirp.rzeszow.pl\/2025\/wp-content\/uploads\/cache\/2026\/01\/2026-01-12_rabka_001\/3367415279.jpg\" src=\"data:image\/svg+xml,%3Csvg%20xmlns%3D%22http%3A%2F%2Fwww.w3.org%2F2000%2Fsvg%22%20width%3D%22270%22%20height%3D%22230%22%20viewBox%3D%220%200%20270%20230%22%3E%3C%2Fsvg%3E\" loading=\"eager\"><\/span><span class=\"fg-image-overlay\"><\/span><\/a><\/figure><div class=\"fg-loader\"><\/div><\/div><div class=\"fg-item fg-type-image fg-idle\"><figure class=\"fg-item-inner\"><a href=\"https:\/\/seirp.rzeszow.pl\/2025\/wp-content\/uploads\/2026\/01\/2026-01-12_rabka_002.jpg\" data-attachment-id=\"1671\" data-e-disable-page-transition=\"true\" data-type=\"image\" class=\"fg-thumb\"><span class=\"fg-image-wrap\"><img decoding=\"async\" width=\"270\" height=\"230\" class=\"skip-lazy fg-image\" data-src-fg=\"https:\/\/seirp.rzeszow.pl\/2025\/wp-content\/uploads\/cache\/2026\/01\/2026-01-12_rabka_002\/328423615.jpg\" src=\"data:image\/svg+xml,%3Csvg%20xmlns%3D%22http%3A%2F%2Fwww.w3.org%2F2000%2Fsvg%22%20width%3D%22270%22%20height%3D%22230%22%20viewBox%3D%220%200%20270%20230%22%3E%3C%2Fsvg%3E\" loading=\"eager\"><\/span><span class=\"fg-image-overlay\"><\/span><\/a><\/figure><div class=\"fg-loader\"><\/div><\/div><div class=\"fg-item fg-type-image fg-idle\"><figure class=\"fg-item-inner\"><a href=\"https:\/\/seirp.rzeszow.pl\/2025\/wp-content\/uploads\/2026\/01\/2026-01-12_rabka_003.jpg\" data-attachment-id=\"1672\" data-e-disable-page-transition=\"true\" data-type=\"image\" class=\"fg-thumb\"><span class=\"fg-image-wrap\"><img decoding=\"async\" width=\"270\" height=\"230\" class=\"skip-lazy fg-image\" data-src-fg=\"https:\/\/seirp.rzeszow.pl\/2025\/wp-content\/uploads\/cache\/2026\/01\/2026-01-12_rabka_003\/566644724.jpg\" src=\"data:image\/svg+xml,%3Csvg%20xmlns%3D%22http%3A%2F%2Fwww.w3.org%2F2000%2Fsvg%22%20width%3D%22270%22%20height%3D%22230%22%20viewBox%3D%220%200%20270%20230%22%3E%3C%2Fsvg%3E\" loading=\"eager\"><\/span><span class=\"fg-image-overlay\"><\/span><\/a><\/figure><div class=\"fg-loader\"><\/div><\/div><div class=\"fg-item fg-type-image fg-idle\"><figure class=\"fg-item-inner\"><a href=\"https:\/\/seirp.rzeszow.pl\/2025\/wp-content\/uploads\/2026\/01\/2026-01-12_rabka_004.jpg\" data-attachment-id=\"1673\" data-e-disable-page-transition=\"true\" data-type=\"image\" class=\"fg-thumb\"><span class=\"fg-image-wrap\"><img decoding=\"async\" width=\"270\" height=\"230\" class=\"skip-lazy fg-image\" data-src-fg=\"https:\/\/seirp.rzeszow.pl\/2025\/wp-content\/uploads\/cache\/2026\/01\/2026-01-12_rabka_004\/2125050974.jpg\" src=\"data:image\/svg+xml,%3Csvg%20xmlns%3D%22http%3A%2F%2Fwww.w3.org%2F2000%2Fsvg%22%20width%3D%22270%22%20height%3D%22230%22%20viewBox%3D%220%200%20270%20230%22%3E%3C%2Fsvg%3E\" loading=\"eager\"><\/span><span class=\"fg-image-overlay\"><\/span><\/a><\/figure><div class=\"fg-loader\"><\/div><\/div><div class=\"fg-item fg-type-image fg-idle\"><figure class=\"fg-item-inner\"><a href=\"https:\/\/seirp.rzeszow.pl\/2025\/wp-content\/uploads\/2026\/01\/2026-01-12_rabka_005.jpg\" data-attachment-id=\"1674\" data-e-disable-page-transition=\"true\" data-type=\"image\" class=\"fg-thumb\"><span class=\"fg-image-wrap\"><img decoding=\"async\" width=\"270\" height=\"230\" class=\"skip-lazy fg-image\" data-src-fg=\"https:\/\/seirp.rzeszow.pl\/2025\/wp-content\/uploads\/cache\/2026\/01\/2026-01-12_rabka_005\/3240521624.jpg\" src=\"data:image\/svg+xml,%3Csvg%20xmlns%3D%22http%3A%2F%2Fwww.w3.org%2F2000%2Fsvg%22%20width%3D%22270%22%20height%3D%22230%22%20viewBox%3D%220%200%20270%20230%22%3E%3C%2Fsvg%3E\" loading=\"eager\"><\/span><span class=\"fg-image-overlay\"><\/span><\/a><\/figure><div class=\"fg-loader\"><\/div><\/div><div class=\"fg-item fg-type-image fg-idle\"><figure class=\"fg-item-inner\"><a href=\"https:\/\/seirp.rzeszow.pl\/2025\/wp-content\/uploads\/2026\/01\/2026-01-12_rabka_006.jpg\" data-attachment-id=\"1675\" data-e-disable-page-transition=\"true\" data-type=\"image\" class=\"fg-thumb\"><span class=\"fg-image-wrap\"><img decoding=\"async\" width=\"270\" height=\"230\" class=\"skip-lazy fg-image\" data-src-fg=\"https:\/\/seirp.rzeszow.pl\/2025\/wp-content\/uploads\/cache\/2026\/01\/2026-01-12_rabka_006\/436443848.jpg\" src=\"data:image\/svg+xml,%3Csvg%20xmlns%3D%22http%3A%2F%2Fwww.w3.org%2F2000%2Fsvg%22%20width%3D%22270%22%20height%3D%22230%22%20viewBox%3D%220%200%20270%20230%22%3E%3C%2Fsvg%3E\" loading=\"eager\"><\/span><span class=\"fg-image-overlay\"><\/span><\/a><\/figure><div class=\"fg-loader\"><\/div><\/div><div class=\"fg-item fg-type-image fg-idle\"><figure class=\"fg-item-inner\"><a href=\"https:\/\/seirp.rzeszow.pl\/2025\/wp-content\/uploads\/2026\/01\/2026-01-12_rabka_007.jpg\" data-attachment-id=\"1676\" data-e-disable-page-transition=\"true\" data-type=\"image\" class=\"fg-thumb\"><span class=\"fg-image-wrap\"><img decoding=\"async\" width=\"270\" height=\"230\" class=\"skip-lazy fg-image\" data-src-fg=\"https:\/\/seirp.rzeszow.pl\/2025\/wp-content\/uploads\/cache\/2026\/01\/2026-01-12_rabka_007\/676760963.jpg\" src=\"data:image\/svg+xml,%3Csvg%20xmlns%3D%22http%3A%2F%2Fwww.w3.org%2F2000%2Fsvg%22%20width%3D%22270%22%20height%3D%22230%22%20viewBox%3D%220%200%20270%20230%22%3E%3C%2Fsvg%3E\" loading=\"eager\"><\/span><span class=\"fg-image-overlay\"><\/span><\/a><\/figure><div class=\"fg-loader\"><\/div><\/div><div class=\"fg-item fg-type-image fg-idle\"><figure class=\"fg-item-inner\"><a href=\"https:\/\/seirp.rzeszow.pl\/2025\/wp-content\/uploads\/2026\/01\/2026-01-12_rabka_008.jpg\" data-attachment-id=\"1677\" data-e-disable-page-transition=\"true\" data-type=\"image\" class=\"fg-thumb\"><span class=\"fg-image-wrap\"><img decoding=\"async\" width=\"270\" height=\"230\" class=\"skip-lazy fg-image\" data-src-fg=\"https:\/\/seirp.rzeszow.pl\/2025\/wp-content\/uploads\/cache\/2026\/01\/2026-01-12_rabka_008\/2765909404.jpg\" src=\"data:image\/svg+xml,%3Csvg%20xmlns%3D%22http%3A%2F%2Fwww.w3.org%2F2000%2Fsvg%22%20width%3D%22270%22%20height%3D%22230%22%20viewBox%3D%220%200%20270%20230%22%3E%3C%2Fsvg%3E\" loading=\"eager\"><\/span><span class=\"fg-image-overlay\"><\/span><\/a><\/figure><div class=\"fg-loader\"><\/div><\/div><div class=\"fg-item fg-type-image fg-idle\"><figure class=\"fg-item-inner\"><a href=\"https:\/\/seirp.rzeszow.pl\/2025\/wp-content\/uploads\/2026\/01\/2026-01-12_rabka_009.jpg\" data-attachment-id=\"1678\" data-e-disable-page-transition=\"true\" data-type=\"image\" class=\"fg-thumb\"><span class=\"fg-image-wrap\"><img decoding=\"async\" width=\"270\" height=\"230\" class=\"skip-lazy fg-image\" data-src-fg=\"https:\/\/seirp.rzeszow.pl\/2025\/wp-content\/uploads\/cache\/2026\/01\/2026-01-12_rabka_009\/3684116737.jpg\" src=\"data:image\/svg+xml,%3Csvg%20xmlns%3D%22http%3A%2F%2Fwww.w3.org%2F2000%2Fsvg%22%20width%3D%22270%22%20height%3D%22230%22%20viewBox%3D%220%200%20270%20230%22%3E%3C%2Fsvg%3E\" loading=\"eager\"><\/span><span class=\"fg-image-overlay\"><\/span><\/a><\/figure><div class=\"fg-loader\"><\/div><\/div><div class=\"fg-item fg-type-image fg-idle\"><figure class=\"fg-item-inner\"><a href=\"https:\/\/seirp.rzeszow.pl\/2025\/wp-content\/uploads\/2026\/01\/2026-01-12_rabka_010.jpg\" data-attachment-id=\"1679\" data-e-disable-page-transition=\"true\" data-type=\"image\" class=\"fg-thumb\"><span class=\"fg-image-wrap\"><img decoding=\"async\" width=\"270\" height=\"230\" class=\"skip-lazy fg-image\" data-src-fg=\"https:\/\/seirp.rzeszow.pl\/2025\/wp-content\/uploads\/cache\/2026\/01\/2026-01-12_rabka_010\/2248791258.jpg\" src=\"data:image\/svg+xml,%3Csvg%20xmlns%3D%22http%3A%2F%2Fwww.w3.org%2F2000%2Fsvg%22%20width%3D%22270%22%20height%3D%22230%22%20viewBox%3D%220%200%20270%20230%22%3E%3C%2Fsvg%3E\" loading=\"eager\"><\/span><span class=\"fg-image-overlay\"><\/span><\/a><\/figure><div class=\"fg-loader\"><\/div><\/div><\/div>\n\n","protected":false},"excerpt":{"rendered":"<p>W dniach 10-17 stycznia 2026 roku Zarz\u0105d Oddzia\u0142u Wojew\u00f3dzkiego Stowarzyszenia Emeryt\u00f3w i Rencist\u00f3w Policyjnych w Rzeszowie zorganizowa\u0142 dla uczestnik\u00f3w stowarzyszenia siedmiodniowy turnus rehabilitacyjno- wypoczynkowy w o\u015brodku San Vita w Rabce Zdroju. Udzia\u0142 bra\u0142a grupa 50 os\u00f3b z K\u00f3\u0142: Rzeszowa, Jas\u0142a, Mielca, Tarnobrzega oraz Torunia. Rabka-Zdr\u00f3j przywita\u0142a uczestnik\u00f3w prawdziwie zimow\u0105 aur\u0105. To miejsce idealne do rehabilitacji, [&hellip;]<\/p>\n","protected":false},"author":1,"featured_media":0,"comment_status":"closed","ping_status":"closed","sticky":false,"template":"","format":"standard","meta":{"footnotes":""},"categories":[113],"tags":[],"class_list":["post-1680","post","type-post","status-publish","format-standard","hentry","category-zw-archiwum"],"_links":{"self":[{"href":"https:\/\/seirp.rzeszow.pl\/2025\/wp-json\/wp\/v2\/posts\/1680","targetHints":{"allow":["GET"]}}],"collection":[{"href":"https:\/\/seirp.rzeszow.pl\/2025\/wp-json\/wp\/v2\/posts"}],"about":[{"href":"https:\/\/seirp.rzeszow.pl\/2025\/wp-json\/wp\/v2\/types\/post"}],"author":[{"embeddable":true,"href":"https:\/\/seirp.rzeszow.pl\/2025\/wp-json\/wp\/v2\/users\/1"}],"replies":[{"embeddable":true,"href":"https:\/\/seirp.rzeszow.pl\/2025\/wp-json\/wp\/v2\/comments?post=1680"}],"version-history":[{"count":6,"href":"https:\/\/seirp.rzeszow.pl\/2025\/wp-json\/wp\/v2\/posts\/1680\/revisions"}],"predecessor-version":[{"id":1686,"href":"https:\/\/seirp.rzeszow.pl\/2025\/wp-json\/wp\/v2\/posts\/1680\/revisions\/1686"}],"wp:attachment":[{"href":"https:\/\/seirp.rzeszow.pl\/2025\/wp-json\/wp\/v2\/media?parent=1680"}],"wp:term":[{"taxonomy":"category","embeddable":true,"href":"https:\/\/seirp.rzeszow.pl\/2025\/wp-json\/wp\/v2\/categories?post=1680"},{"taxonomy":"post_tag","embeddable":true,"href":"https:\/\/seirp.rzeszow.pl\/2025\/wp-json\/wp\/v2\/tags?post=1680"}],"curies":[{"name":"wp","href":"https:\/\/api.w.org\/{rel}","templated":true}]}}