{"id":1772,"date":"2026-02-03T09:06:28","date_gmt":"2026-02-03T09:06:28","guid":{"rendered":"https:\/\/seirp.rzeszow.pl\/2025\/?p=1772"},"modified":"2026-02-03T09:06:28","modified_gmt":"2026-02-03T09:06:28","slug":"noworoczne-spotkanie-2026","status":"publish","type":"post","link":"https:\/\/seirp.rzeszow.pl\/2025\/noworoczne-spotkanie-2026\/","title":{"rendered":"Noworoczne spotkanie 2026"},"content":{"rendered":"<p>Noworoczne spotkanie cz\u0142onk\u00f3w Ko\u0142a SEiRP w Le\u017cajsku odby\u0142o si\u0119 24 stycznia 2026 r. w Klubie Motocyklowym &#8222;Wehiku\u0142&#8221;, gdzie zosta\u0142y wr\u0119czone odznaczenia policyjne. <br \/>Wiceprezes le\u017cajskiego Ko\u0142a SEiRP Tadeusz Kulpa przywita\u0142 zaproszonych go\u015bci: <br \/>&#8211; p. Mart\u0119 Wytrwa\u0142 &#8211; wiceprezes Zarz\u0105du Wojew\u00f3dzkiego SEiRP w Rzeszowie <br \/>&#8211; p. Grzegorza Kieba\u0142\u0119 &#8211; skarbnika Zarz\u0105du Wojew\u00f3dzkiego SEiRP w Rzeszowie <br \/>&#8211; p. Zbigniewa Pude\u0142kiewicza &#8211; prezesa Zarz\u0105du SEiR Po\u017carnictwa w Le\u017cajsku. <br \/>Nast\u0119pnie przedstawi\u0142 kr\u00f3tk\u0105 histori\u0119 powstania Ko\u0142a SEiRP w Le\u017cajsku.<br \/><br \/>Podczas uroczysto\u015bci uhonorowano cz\u0142onk\u00f3w Ko\u0142a SEiRP, kt\u00f3rzy wspierali dzia\u0142alno\u015b\u0107 Stowarzyszenia i przyczynili si\u0119 do budowania wsp\u00f3lnoty emeryckiej.<br \/>Z\u0142oty Krzy\u017c za zas\u0142ugi dla Policji otrzyma\u0142 po\u015bmiertnie prezes Jan Kostek, natomiast Pami\u0105tkowe Medale 35-lecia powstania Stowarzyszenia Policji otrzymali: Tadeusz Bia\u0142y, Kazimierz Bik, Mieczys\u0142aw K\u0142opot, Jan Kotulski, Henryk Rup, Karol Porada, Janusz Krawczyk.<\/p>\n<p>Wiceprezes Marta Wytrwa\u0142 pogratulowa\u0142a odznaczonym i stwierdzi\u0142a, \u017ce wr\u0119czone odznaczenia stanowi\u0105 wyraz uznania oraz podzi\u0119kowanie za ich prac\u0119 i zaanga\u017cowanie na rzecz organizacji. Wyrazi\u0142a r\u00f3wnie\u017c uznanie, \u017ce jest w mie\u015bcie Klub przychylny emerytom, gdzie mo\u017cna si\u0119 spotyka\u0107 i integrowa\u0107.<br \/>Zebranie noworoczne u\u015bwietni\u0142 wyst\u0119p m\u0142odych ch\u0142opc\u00f3w, kt\u00f3rzy przedstawili w\u0142asn\u0105 interpretacj\u0119 polskich kol\u0119d.<br \/>Uroczysto\u015b\u0107 mia\u0142a od\u015bwi\u0119tny, pe\u0142en \u017cyczliwo\u015bci charakter i sta\u0142a si\u0119 okazj\u0105 do wsp\u00f3lnych wspomnie\u0144 oraz podsumowania dzia\u0142alno\u015bci Stowarzyszenia. Wydarzenie zako\u0144czy\u0142o si\u0119 licznymi, o\u017cywionymi rozmowami przy wspania\u0142ym pocz\u0119stunku przygotowanym przez &#8222;Gospod\u0119 u Wi\u0119c\u0142aw\u00f3w&#8221;.<\/p>\n\n<style type=\"text\/css\">\n#foogallery-gallery-1771.fg-simple_portfolio { justify-content: center; --fg-gutter: 5px; }\n#foogallery-gallery-1771.fg-simple_portfolio .fg-item { flex-basis: 250px; }<\/style>\n\t\t\t<div class=\"foogallery foogallery-container foogallery-simple_portfolio foogallery-lightbox-foogallery fg-simple_portfolio fg-ready fg-dark fg-border-medium fg-loading-default fg-loaded-swing-down fg-caption-always fg-hover-slide-down fg-hover-plus3 fg-caption-always\" id=\"foogallery-gallery-1771\" data-foogallery=\"{&quot;item&quot;:{&quot;showCaptionTitle&quot;:true,&quot;showCaptionDescription&quot;:true},&quot;lazy&quot;:true}\" data-foogallery-lightbox=\"{&quot;thumbs&quot;:&quot;bottom&quot;,&quot;thumbsCaptions&quot;:false,&quot;thumbsBestFit&quot;:false,&quot;thumbsSmall&quot;:false,&quot;thumbsCaptionsAlign&quot;:&quot;default&quot;,&quot;info&quot;:&quot;bottom&quot;,&quot;infoVisible&quot;:true,&quot;infoOverlay&quot;:true,&quot;infoAlign&quot;:&quot;default&quot;,&quot;transition&quot;:&quot;fade&quot;,&quot;hoverButtons&quot;:false,&quot;fitMedia&quot;:false,&quot;noScrollbars&quot;:true,&quot;preserveButtonSpace&quot;:true,&quot;buttons&quot;:{&quot;fullscreen&quot;:true,&quot;info&quot;:true,&quot;thumbs&quot;:false},&quot;video&quot;:{&quot;autoPlay&quot;:true}}\" style=\"--fg-title-line-clamp: 2; --fg-description-line-clamp: 2;\" >\n\t<div class=\"fg-item fg-type-image fg-idle\"><figure class=\"fg-item-inner\"><a href=\"https:\/\/seirp.rzeszow.pl\/2025\/wp-content\/uploads\/2026\/02\/2026-01-24_lezajsk_001.jpg\" data-attachment-id=\"1766\" class=\"foogallery-thumb fg-thumb\" data-e-disable-page-transition=\"true\" data-type=\"image\"><span class=\"fg-image-wrap\"><img fetchpriority=\"high\" decoding=\"async\" class=\"bf-img skip-lazy fg-image\" height=\"200\" width=\"250\" data-src-fg=\"https:\/\/seirp.rzeszow.pl\/2025\/wp-content\/uploads\/cache\/2026\/02\/2026-01-24_lezajsk_001\/2980891645.jpg\" src=\"data:image\/svg+xml,%3Csvg%20xmlns%3D%22http%3A%2F%2Fwww.w3.org%2F2000%2Fsvg%22%20width%3D%22250%22%20height%3D%22200%22%20viewBox%3D%220%200%20250%20200%22%3E%3C%2Fsvg%3E\" loading=\"eager\"><\/span><span class=\"fg-image-overlay\"><\/span><\/a><\/figure><div class=\"fg-loader\"><\/div><\/div><div class=\"fg-item fg-type-image fg-idle\"><figure class=\"fg-item-inner\"><a href=\"https:\/\/seirp.rzeszow.pl\/2025\/wp-content\/uploads\/2026\/02\/2026-01-24_lezajsk_002.jpg\" data-attachment-id=\"1767\" class=\"foogallery-thumb fg-thumb\" data-e-disable-page-transition=\"true\" data-type=\"image\"><span class=\"fg-image-wrap\"><img decoding=\"async\" class=\"bf-img skip-lazy fg-image\" height=\"200\" width=\"250\" data-src-fg=\"https:\/\/seirp.rzeszow.pl\/2025\/wp-content\/uploads\/cache\/2026\/02\/2026-01-24_lezajsk_002\/4140799303.jpg\" src=\"data:image\/svg+xml,%3Csvg%20xmlns%3D%22http%3A%2F%2Fwww.w3.org%2F2000%2Fsvg%22%20width%3D%22250%22%20height%3D%22200%22%20viewBox%3D%220%200%20250%20200%22%3E%3C%2Fsvg%3E\" loading=\"eager\"><\/span><span class=\"fg-image-overlay\"><\/span><\/a><\/figure><div class=\"fg-loader\"><\/div><\/div><div class=\"fg-item fg-type-image fg-idle\"><figure class=\"fg-item-inner\"><a href=\"https:\/\/seirp.rzeszow.pl\/2025\/wp-content\/uploads\/2026\/02\/2026-01-24_lezajsk_003.jpg\" data-attachment-id=\"1768\" class=\"foogallery-thumb fg-thumb\" data-e-disable-page-transition=\"true\" data-type=\"image\"><span class=\"fg-image-wrap\"><img decoding=\"async\" class=\"bf-img skip-lazy fg-image\" height=\"200\" width=\"250\" data-src-fg=\"https:\/\/seirp.rzeszow.pl\/2025\/wp-content\/uploads\/cache\/2026\/02\/2026-01-24_lezajsk_003\/3550790680.jpg\" src=\"data:image\/svg+xml,%3Csvg%20xmlns%3D%22http%3A%2F%2Fwww.w3.org%2F2000%2Fsvg%22%20width%3D%22250%22%20height%3D%22200%22%20viewBox%3D%220%200%20250%20200%22%3E%3C%2Fsvg%3E\" loading=\"eager\"><\/span><span class=\"fg-image-overlay\"><\/span><\/a><\/figure><div class=\"fg-loader\"><\/div><\/div><div class=\"fg-item fg-type-image fg-idle\"><figure class=\"fg-item-inner\"><a href=\"https:\/\/seirp.rzeszow.pl\/2025\/wp-content\/uploads\/2026\/02\/2026-01-24_lezajsk_004.jpg\" data-attachment-id=\"1769\" class=\"foogallery-thumb fg-thumb\" data-e-disable-page-transition=\"true\" data-type=\"image\"><span class=\"fg-image-wrap\"><img decoding=\"async\" class=\"bf-img skip-lazy fg-image\" height=\"200\" width=\"250\" data-src-fg=\"https:\/\/seirp.rzeszow.pl\/2025\/wp-content\/uploads\/cache\/2026\/02\/2026-01-24_lezajsk_004\/277714008.jpg\" src=\"data:image\/svg+xml,%3Csvg%20xmlns%3D%22http%3A%2F%2Fwww.w3.org%2F2000%2Fsvg%22%20width%3D%22250%22%20height%3D%22200%22%20viewBox%3D%220%200%20250%20200%22%3E%3C%2Fsvg%3E\" loading=\"eager\"><\/span><span class=\"fg-image-overlay\"><\/span><\/a><\/figure><div class=\"fg-loader\"><\/div><\/div><div class=\"fg-item fg-type-image fg-idle\"><figure class=\"fg-item-inner\"><a href=\"https:\/\/seirp.rzeszow.pl\/2025\/wp-content\/uploads\/2026\/02\/2026-01-24_lezajsk_005.jpg\" data-attachment-id=\"1770\" class=\"foogallery-thumb fg-thumb\" data-e-disable-page-transition=\"true\" data-type=\"image\"><span class=\"fg-image-wrap\"><img decoding=\"async\" class=\"bf-img skip-lazy fg-image\" height=\"200\" width=\"250\" data-src-fg=\"https:\/\/seirp.rzeszow.pl\/2025\/wp-content\/uploads\/cache\/2026\/02\/2026-01-24_lezajsk_005\/4267842843.jpg\" src=\"data:image\/svg+xml,%3Csvg%20xmlns%3D%22http%3A%2F%2Fwww.w3.org%2F2000%2Fsvg%22%20width%3D%22250%22%20height%3D%22200%22%20viewBox%3D%220%200%20250%20200%22%3E%3C%2Fsvg%3E\" loading=\"eager\"><\/span><span class=\"fg-image-overlay\"><\/span><\/a><\/figure><div class=\"fg-loader\"><\/div><\/div><\/div>\n","protected":false},"excerpt":{"rendered":"<p>Noworoczne spotkanie cz\u0142onk\u00f3w Ko\u0142a SEiRP w Le\u017cajsku odby\u0142o si\u0119 24 stycznia 2026 r. w Klubie Motocyklowym &#8222;Wehiku\u0142&#8221;, gdzie zosta\u0142y wr\u0119czone odznaczenia policyjne. Wiceprezes le\u017cajskiego Ko\u0142a SEiRP Tadeusz Kulpa przywita\u0142 zaproszonych go\u015bci: &#8211; p. Mart\u0119 Wytrwa\u0142 &#8211; wiceprezes Zarz\u0105du Wojew\u00f3dzkiego SEiRP w Rzeszowie &#8211; p. Grzegorza Kieba\u0142\u0119 &#8211; skarbnika Zarz\u0105du Wojew\u00f3dzkiego SEiRP w Rzeszowie &#8211; p. [&hellip;]<\/p>\n","protected":false},"author":1,"featured_media":0,"comment_status":"closed","ping_status":"","sticky":false,"template":"","format":"standard","meta":{"footnotes":""},"categories":[41,40],"tags":[],"class_list":["post-1772","post","type-post","status-publish","format-standard","hentry","category-lezajsk-kolo-aktualnosci","category-lezajsk-kolo"],"_links":{"self":[{"href":"https:\/\/seirp.rzeszow.pl\/2025\/wp-json\/wp\/v2\/posts\/1772","targetHints":{"allow":["GET"]}}],"collection":[{"href":"https:\/\/seirp.rzeszow.pl\/2025\/wp-json\/wp\/v2\/posts"}],"about":[{"href":"https:\/\/seirp.rzeszow.pl\/2025\/wp-json\/wp\/v2\/types\/post"}],"author":[{"embeddable":true,"href":"https:\/\/seirp.rzeszow.pl\/2025\/wp-json\/wp\/v2\/users\/1"}],"replies":[{"embeddable":true,"href":"https:\/\/seirp.rzeszow.pl\/2025\/wp-json\/wp\/v2\/comments?post=1772"}],"version-history":[{"count":1,"href":"https:\/\/seirp.rzeszow.pl\/2025\/wp-json\/wp\/v2\/posts\/1772\/revisions"}],"predecessor-version":[{"id":1773,"href":"https:\/\/seirp.rzeszow.pl\/2025\/wp-json\/wp\/v2\/posts\/1772\/revisions\/1773"}],"wp:attachment":[{"href":"https:\/\/seirp.rzeszow.pl\/2025\/wp-json\/wp\/v2\/media?parent=1772"}],"wp:term":[{"taxonomy":"category","embeddable":true,"href":"https:\/\/seirp.rzeszow.pl\/2025\/wp-json\/wp\/v2\/categories?post=1772"},{"taxonomy":"post_tag","embeddable":true,"href":"https:\/\/seirp.rzeszow.pl\/2025\/wp-json\/wp\/v2\/tags?post=1772"}],"curies":[{"name":"wp","href":"https:\/\/api.w.org\/{rel}","templated":true}]}}