{"id":2599,"date":"2026-07-17T08:59:38","date_gmt":"2026-07-17T08:59:38","guid":{"rendered":"https:\/\/seirp.rzeszow.pl\/2025\/?p=2599"},"modified":"2026-07-17T08:59:38","modified_gmt":"2026-07-17T08:59:38","slug":"czerwony-pociag-przez-alpy-zapisy-na-wycieczke","status":"publish","type":"post","link":"https:\/\/seirp.rzeszow.pl\/2025\/czerwony-pociag-przez-alpy-zapisy-na-wycieczke\/","title":{"rendered":"Czerwony Poci\u0105g przez Alpy &#8211; zapisy na wycieczk\u0119"},"content":{"rendered":"\n<p class=\"wp-block-paragraph\">Zarz\u0105d Stowarzyszenia Emeryt\u00f3w i Rencist\u00f3w Policyjnych Ko\u0142a nr 1 w Rzeszowie organizuje w dniach od 02 do 10 czerwca 2027 r. wycieczk\u0119, kt\u00f3rej atrakcj\u0105 g\u0142\u00f3wn\u0105 ma by\u0107 przejazd Czerwonym Poci\u0105giem przez Alpy. <\/p>\n\n\n\n<p class=\"wp-block-paragraph\">Wcze\u015bniej odwiedzimy Wroc\u0142aw, Drezno, Wiede\u0144, pop\u0142ywamy po jeziorze Garda.<br> Do poci\u0105gu wsiadamy w St. Moriz. W drodze powrotnej odwiedzimy O\u0142omuniec i Brno. <\/p>\n\n\n\n<p class=\"wp-block-paragraph\">Szczeg\u00f3\u0142owy program wycieczki zostanie podany w terminie p\u00f3\u017aniejszym. <br>Koszt wycieczki to 3350 z\u0142 i 180 euro p\u0142atne pilotowi. <br>Osoby zg\u0142aszaj\u0105ce ch\u0119\u0107 uczestniczenia w wycieczce proszone s\u0105 o dokonanie wp\u0142aty zadatku w wysoko\u015bci 1350 z\u0142 w terminie do 30.09 2026 r. ( zadatek nie podlega zwrotowi).<\/p>\n\n\n\n<p class=\"wp-block-paragraph\">Organizatorem wycieczki jest Cz\u0142onek Zarz\u0105du &#8211; Danuta Fus .<\/p>\n","protected":false},"excerpt":{"rendered":"<p>Zarz\u0105d Stowarzyszenia Emeryt\u00f3w i Rencist\u00f3w Policyjnych Ko\u0142a nr 1 w Rzeszowie organizuje w dniach od 02 do 10 czerwca 2027 r. wycieczk\u0119, kt\u00f3rej atrakcj\u0105 g\u0142\u00f3wn\u0105 ma by\u0107 przejazd Czerwonym Poci\u0105giem przez Alpy. Wcze\u015bniej odwiedzimy Wroc\u0142aw, Drezno, Wiede\u0144, pop\u0142ywamy po jeziorze Garda. Do poci\u0105gu wsiadamy w St. Moriz. W drodze powrotnej odwiedzimy O\u0142omuniec i Brno. Szczeg\u00f3\u0142owy [&hellip;]<\/p>\n","protected":false},"author":1,"featured_media":1991,"comment_status":"closed","ping_status":"closed","sticky":false,"template":"","format":"standard","meta":{"_thinkrank_schema_form_data":"","_thinkrank_selected_schema_type":"","_thinkrank_additional_schemas":"","_thinkrank_canonical_url":"","_thinkrank_og_title":"","_thinkrank_og_description":"","_thinkrank_og_image":"","_thinkrank_twitter_title":"","_thinkrank_twitter_description":"","_thinkrank_twitter_image":"","_thinkrank_imported_from":"","_thinkrank_focus_keywords":[],"_thinkrank_focus_keyword":"","_thinkrank_robots_meta_enabled":0,"_thinkrank_robots_meta":"","_thinkrank_advanced_robots_meta":"","_thinkrank_primary_category":0,"footnotes":""},"categories":[39,38],"tags":[],"class_list":["post-2599","post","type-post","status-publish","format-standard","has-post-thumbnail","hentry","category-rzeszow-kolo-aktualnosci","category-rzeszow-kolo"],"_links":{"self":[{"href":"https:\/\/seirp.rzeszow.pl\/2025\/wp-json\/wp\/v2\/posts\/2599","targetHints":{"allow":["GET"]}}],"collection":[{"href":"https:\/\/seirp.rzeszow.pl\/2025\/wp-json\/wp\/v2\/posts"}],"about":[{"href":"https:\/\/seirp.rzeszow.pl\/2025\/wp-json\/wp\/v2\/types\/post"}],"author":[{"embeddable":true,"href":"https:\/\/seirp.rzeszow.pl\/2025\/wp-json\/wp\/v2\/users\/1"}],"replies":[{"embeddable":true,"href":"https:\/\/seirp.rzeszow.pl\/2025\/wp-json\/wp\/v2\/comments?post=2599"}],"version-history":[{"count":1,"href":"https:\/\/seirp.rzeszow.pl\/2025\/wp-json\/wp\/v2\/posts\/2599\/revisions"}],"predecessor-version":[{"id":2600,"href":"https:\/\/seirp.rzeszow.pl\/2025\/wp-json\/wp\/v2\/posts\/2599\/revisions\/2600"}],"wp:featuredmedia":[{"embeddable":true,"href":"https:\/\/seirp.rzeszow.pl\/2025\/wp-json\/wp\/v2\/media\/1991"}],"wp:attachment":[{"href":"https:\/\/seirp.rzeszow.pl\/2025\/wp-json\/wp\/v2\/media?parent=2599"}],"wp:term":[{"taxonomy":"category","embeddable":true,"href":"https:\/\/seirp.rzeszow.pl\/2025\/wp-json\/wp\/v2\/categories?post=2599"},{"taxonomy":"post_tag","embeddable":true,"href":"https:\/\/seirp.rzeszow.pl\/2025\/wp-json\/wp\/v2\/tags?post=2599"}],"curies":[{"name":"wp","href":"https:\/\/api.w.org\/{rel}","templated":true}]}}