{"id":2605,"date":"2026-07-24T16:15:04","date_gmt":"2026-07-24T16:15:04","guid":{"rendered":"https:\/\/seirp.rzeszow.pl\/2025\/?p=2605"},"modified":"2026-07-24T16:17:13","modified_gmt":"2026-07-24T16:17:13","slug":"zyczenia-z-okazji-swieta-policji","status":"publish","type":"post","link":"https:\/\/seirp.rzeszow.pl\/2025\/zyczenia-z-okazji-swieta-policji\/","title":{"rendered":"\u017byczenia z okazji \u015awi\u0119ta Policji"},"content":{"rendered":"<div class=\"wp-block-image\">\n<figure class=\"aligncenter size-full\"><img fetchpriority=\"high\" decoding=\"async\" width=\"705\" height=\"945\" src=\"https:\/\/seirp.rzeszow.pl\/2025\/wp-content\/uploads\/2026\/07\/2026-07-24-swieto-policji.jpg\" alt=\"\" class=\"wp-image-2604\" srcset=\"https:\/\/seirp.rzeszow.pl\/2025\/wp-content\/uploads\/2026\/07\/2026-07-24-swieto-policji.jpg 705w, https:\/\/seirp.rzeszow.pl\/2025\/wp-content\/uploads\/2026\/07\/2026-07-24-swieto-policji-224x300.jpg 224w\" sizes=\"(max-width: 705px) 100vw, 705px\" \/><\/figure>\n<\/div>\n\n<h2 style=\"text-align: center;\">\u017cyczenia sk\u0142ada Vice Prezes ZOW SEiRP w Rzeszowie<\/h2>\n\n\n<p class=\"wp-block-paragraph\"><\/p>\n","protected":false},"excerpt":{"rendered":"<p>\u017cyczenia sk\u0142ada Vice Prezes ZOW SEiRP w Rzeszowie<\/p>\n","protected":false},"author":1,"featured_media":1930,"comment_status":"closed","ping_status":"closed","sticky":false,"template":"","format":"standard","meta":{"_thinkrank_schema_form_data":"","_thinkrank_selected_schema_type":"","_thinkrank_additional_schemas":"","_thinkrank_canonical_url":"","_thinkrank_og_title":"","_thinkrank_og_description":"","_thinkrank_og_image":"","_thinkrank_twitter_title":"","_thinkrank_twitter_description":"","_thinkrank_twitter_image":"","_thinkrank_imported_from":"","_thinkrank_focus_keywords":[],"_thinkrank_focus_keyword":"","_thinkrank_robots_meta_enabled":0,"_thinkrank_robots_meta":"","_thinkrank_advanced_robots_meta":"","_thinkrank_primary_category":0,"footnotes":""},"categories":[33],"tags":[],"class_list":["post-2605","post","type-post","status-publish","format-standard","has-post-thumbnail","hentry","category-zw-aktualnosci"],"_links":{"self":[{"href":"https:\/\/seirp.rzeszow.pl\/2025\/wp-json\/wp\/v2\/posts\/2605","targetHints":{"allow":["GET"]}}],"collection":[{"href":"https:\/\/seirp.rzeszow.pl\/2025\/wp-json\/wp\/v2\/posts"}],"about":[{"href":"https:\/\/seirp.rzeszow.pl\/2025\/wp-json\/wp\/v2\/types\/post"}],"author":[{"embeddable":true,"href":"https:\/\/seirp.rzeszow.pl\/2025\/wp-json\/wp\/v2\/users\/1"}],"replies":[{"embeddable":true,"href":"https:\/\/seirp.rzeszow.pl\/2025\/wp-json\/wp\/v2\/comments?post=2605"}],"version-history":[{"count":1,"href":"https:\/\/seirp.rzeszow.pl\/2025\/wp-json\/wp\/v2\/posts\/2605\/revisions"}],"predecessor-version":[{"id":2606,"href":"https:\/\/seirp.rzeszow.pl\/2025\/wp-json\/wp\/v2\/posts\/2605\/revisions\/2606"}],"wp:featuredmedia":[{"embeddable":true,"href":"https:\/\/seirp.rzeszow.pl\/2025\/wp-json\/wp\/v2\/media\/1930"}],"wp:attachment":[{"href":"https:\/\/seirp.rzeszow.pl\/2025\/wp-json\/wp\/v2\/media?parent=2605"}],"wp:term":[{"taxonomy":"category","embeddable":true,"href":"https:\/\/seirp.rzeszow.pl\/2025\/wp-json\/wp\/v2\/categories?post=2605"},{"taxonomy":"post_tag","embeddable":true,"href":"https:\/\/seirp.rzeszow.pl\/2025\/wp-json\/wp\/v2\/tags?post=2605"}],"curies":[{"name":"wp","href":"https:\/\/api.w.org\/{rel}","templated":true}]}}