{"id":2613,"date":"2026-07-31T10:47:49","date_gmt":"2026-07-31T10:47:49","guid":{"rendered":"https:\/\/seirp.rzeszow.pl\/2025\/?p=2613"},"modified":"2026-07-31T10:47:50","modified_gmt":"2026-07-31T10:47:50","slug":"komunikaty-zarzadu-kola-nr-1-seirp-w-rzeszowie-31-lipiec-2026","status":"publish","type":"post","link":"https:\/\/seirp.rzeszow.pl\/2025\/komunikaty-zarzadu-kola-nr-1-seirp-w-rzeszowie-31-lipiec-2026\/","title":{"rendered":"Komunikaty Zarz\u0105du Ko\u0142a Nr 1 SEiRP w Rzeszowie &#8211; 31 lipiec 2026"},"content":{"rendered":"<h3 style=\"text-align: center;\"><strong>Komunikat nr 1<\/strong><\/h3>\n<p>Osoby, kt\u00f3re zdeklarowa\u0142y ch\u0119\u0107 wyjazdu do Chorwacji w dniach od 11 do 20 pa\u017adziernika 2026 r. i wp\u0142aci\u0142y wymagany zadatek, <span style=\"color: #ff0000;\"><strong>prosimy o wp\u0142at\u0119 pozosta\u0142ej w nale\u017cno\u015bci za wycieczk\u0119 do dnia 26 sierpnia br. w kwocie 2300 z\u0142<\/strong><\/span>. <br \/><strong>Zach\u0119camy do realizacji tego w formie przelewu na konto Ko\u0142a <br \/>72 1500 1100 1211 0006 4755 0000 z tytu\u0142em: \u201ewycieczka do Chorwacji\u201d.<\/strong><\/p>\n<p>Na wyjazd do Chorwacji <span style=\"color: #ff0000;\">posiadamy jeszcze 4 wolne miejsca<\/span>. <br \/>Zg\u0142oszenia przyjmuj\u0105: Renata Jasi\u0144ska i Marian Bile\u0144ki.<\/p>\n<h3 style=\"text-align: center;\"><strong>Komunikat nr 2<\/strong><\/h3>\n<p>W dalszym ci\u0105gu przyjmowane s\u0105 zg\u0142oszenia na wycieczk\u0119 planowan\u0105 od 2 do 10 czerwca 2027 r. \u201eCzerwony Poci\u0105g\u201d. <strong><span style=\"color: #ff0000;\">Zadatek w wysoko\u015bci 1350 z\u0142<\/span> prosimy wp\u0142aca\u0107 na konto Ko\u0142a\u00a0 z tytu\u0142em wp\u0142aty\u00a0 \u201eCzerwony Poci\u0105g\u201d.<\/strong><\/p>\n<p>Zg\u0142oszenia przyjmuj\u0105 cz\u0142onkinie Zarz\u0105du: Danuta Fus i Halina Wieczorowska.<\/p>\n<h3 style=\"text-align: center;\"><strong>Komunikat nr 3<\/strong><\/h3>\n<p><span style=\"color: #ff0000;\">24 wrze\u015bnia 2026 r. planujemy w lokalu <strong>\u201e4 Pory Roku\u201d<\/strong> zorganizowa\u0107 spotkanie integracyjne<\/span> z mottem przewodnim <strong>\u201ePo\u017cegnanie Lata\u201d. <\/strong>Rozpoczniemy przedstawieniem zwi\u0119z\u0142ej informacji o wykonanych i planowanych dzia\u0142aniach Ko\u0142a. P\u00f3\u017aniej b\u0119dzie obiad, przek\u0105ski \u2013 \u201eszwedzki st\u00f3\u0142\u201d, napoje, zabawa\u00a0 z dobr\u0105 opraw\u0105 muzyczn\u0105. <span style=\"color: #ff0000;\">Kalkulowany koszt w wysoko\u015bci ok. 130 z\u0142<\/span>\u00a0od osoby pokryty zostanie w kwocie 70 z\u0142 ze \u015brodk\u00f3w finansowych Ko\u0142a. <span style=\"color: #ff0000;\">Zg\u0142oszenia przyjmowane b\u0119d\u0105 do 16 wrze\u015bnia wraz z wp\u0142at\u0105 kwoty 60 z\u0142<\/span>. Przelew na konto nale\u017cy opisa\u0107 tytu\u0142em: \u201e<strong>Po\u017cegnanie Lata\u201d.<\/strong><\/p>\n<p>Zapewnimy transport autokarem z Rzeszowa i powr\u00f3t. <br \/>Wyjazd sprzed KWP w Rzeszowie o godz. 14:15, powr\u00f3t 22:00.<\/p>\n<p>Zg\u0142oszenia przyjmuj\u0105 cz\u0142onkowie Zarz\u0105du Ko\u0142a.<\/p>\n<h3 style=\"text-align: center;\"><strong>Komunikat nr 4<\/strong><\/h3>\n<p>Zarz\u0105d Ko\u0142a czyni starania o zorganizowanie w dniach <span style=\"color: #ff0000;\">od 9 do 20 lutego 2027 r.<\/span> atrakcyjnej <strong><span style=\"color: #ff0000;\">wycieczki do Wietnamu<\/span><\/strong>. Bli\u017cszych informacji o programie i cenie udziela cz\u0142onkini Zarz\u0105du: Danuta Fus.<\/p>\n<p>Opracowa\u0142: Marian Bile\u0144ki<\/p>\n\n\n<p class=\"wp-block-paragraph\"><\/p>\n","protected":false},"excerpt":{"rendered":"<p>Komunikat nr 1 Osoby, kt\u00f3re zdeklarowa\u0142y ch\u0119\u0107 wyjazdu do Chorwacji w dniach od 11 do 20 pa\u017adziernika 2026 r. i wp\u0142aci\u0142y wymagany zadatek, prosimy o wp\u0142at\u0119 pozosta\u0142ej w nale\u017cno\u015bci za wycieczk\u0119 do dnia 26 sierpnia br. w kwocie 2300 z\u0142. Zach\u0119camy do realizacji tego w formie przelewu na konto Ko\u0142a 72 1500 1100 1211 0006 [&hellip;]<\/p>\n","protected":false},"author":1,"featured_media":1991,"comment_status":"closed","ping_status":"closed","sticky":false,"template":"","format":"standard","meta":{"_thinkrank_schema_form_data":"","_thinkrank_selected_schema_type":"","_thinkrank_additional_schemas":"","_thinkrank_canonical_url":"","_thinkrank_og_title":"","_thinkrank_og_description":"","_thinkrank_og_image":"","_thinkrank_twitter_title":"","_thinkrank_twitter_description":"","_thinkrank_twitter_image":"","_thinkrank_imported_from":"","_thinkrank_focus_keywords":[],"_thinkrank_focus_keyword":"","_thinkrank_robots_meta_enabled":0,"_thinkrank_robots_meta":"","_thinkrank_advanced_robots_meta":"","_thinkrank_primary_category":0,"footnotes":""},"categories":[39,38],"tags":[],"class_list":["post-2613","post","type-post","status-publish","format-standard","has-post-thumbnail","hentry","category-rzeszow-kolo-aktualnosci","category-rzeszow-kolo"],"_links":{"self":[{"href":"https:\/\/seirp.rzeszow.pl\/2025\/wp-json\/wp\/v2\/posts\/2613","targetHints":{"allow":["GET"]}}],"collection":[{"href":"https:\/\/seirp.rzeszow.pl\/2025\/wp-json\/wp\/v2\/posts"}],"about":[{"href":"https:\/\/seirp.rzeszow.pl\/2025\/wp-json\/wp\/v2\/types\/post"}],"author":[{"embeddable":true,"href":"https:\/\/seirp.rzeszow.pl\/2025\/wp-json\/wp\/v2\/users\/1"}],"replies":[{"embeddable":true,"href":"https:\/\/seirp.rzeszow.pl\/2025\/wp-json\/wp\/v2\/comments?post=2613"}],"version-history":[{"count":1,"href":"https:\/\/seirp.rzeszow.pl\/2025\/wp-json\/wp\/v2\/posts\/2613\/revisions"}],"predecessor-version":[{"id":2614,"href":"https:\/\/seirp.rzeszow.pl\/2025\/wp-json\/wp\/v2\/posts\/2613\/revisions\/2614"}],"wp:featuredmedia":[{"embeddable":true,"href":"https:\/\/seirp.rzeszow.pl\/2025\/wp-json\/wp\/v2\/media\/1991"}],"wp:attachment":[{"href":"https:\/\/seirp.rzeszow.pl\/2025\/wp-json\/wp\/v2\/media?parent=2613"}],"wp:term":[{"taxonomy":"category","embeddable":true,"href":"https:\/\/seirp.rzeszow.pl\/2025\/wp-json\/wp\/v2\/categories?post=2613"},{"taxonomy":"post_tag","embeddable":true,"href":"https:\/\/seirp.rzeszow.pl\/2025\/wp-json\/wp\/v2\/tags?post=2613"}],"curies":[{"name":"wp","href":"https:\/\/api.w.org\/{rel}","templated":true}]}}