{"id":2647,"date":"2026-08-07T11:11:09","date_gmt":"2026-08-07T11:11:09","guid":{"rendered":"https:\/\/seirp.rzeszow.pl\/2025\/?p=2647"},"modified":"2026-08-07T11:11:10","modified_gmt":"2026-08-07T11:11:10","slug":"piknik-rodzinny-nad-stawem","status":"publish","type":"post","link":"https:\/\/seirp.rzeszow.pl\/2025\/piknik-rodzinny-nad-stawem\/","title":{"rendered":"Piknik rodzinny nad stawem"},"content":{"rendered":"<p>W dniu 25 lipca 2026 r. nad stawem w Zimnej Wodzie odby\u0142a si\u0119 impreza integracyjna \u201ePiknik Rodzinny\u201d, zorganizowana przez Zarz\u0105d Stowarzyszenia Emeryt\u00f3w i Rencist\u00f3w Policyjnych w Ja\u015ble.<\/p>\n<p>Zaproszonych go\u015bci oraz cz\u0142onk\u00f3w naszego Ko\u0142a powita\u0142 Prezes Ko\u0142a J\u00f3zef Dziedzic. <br \/>Zarz\u0105d Wojew\u00f3dzki SEiRP w Rzeszowie reprezentowali: Wiceprezes Waldemar Pieniowski, Wiceprezes Marta Wytrwa\u0142 oraz Sekretarz Halina Pieniowska. Swoj\u0105 obecno\u015bci\u0105 zaszczyci\u0142 nas r\u00f3wnie\u017c Burmistrz Miasta Jas\u0142a Adam Kostrz\u0105b, kt\u00f3remu serdecznie dzi\u0119kujemy za udzia\u0142 w naszym spotkaniu.<\/p>\n<p><br \/>Po oficjalnym otwarciu imprezy i powitaniu go\u015bci, firma cateringowa \u201eTrafunek\u201d poda\u0142a smaczny obiad. Nast\u0119pnie Prezes Ko\u0142a J\u00f3zef Dziedzic zaprosi\u0142 wszystkich do wsp\u00f3lnej zabawy, przygotowanej przez Zarz\u0105d Ko\u0142a. Uczestnicy rywalizowali pod okiem komisji konkursowej w wielu konkurencjach sportowych, mi\u0119dzy innymi w biegu w alkogoglach na dystansie 10 m, biegu z jajkiem na \u0142y\u017ceczce na dystansie 20 m, rzucie woreczkami z grochem do kosza z odleg\u0142o\u015bci 5 m, strzale pi\u0142k\u0105 do bramki o wymiarach 1&#215;1 m z odleg\u0142o\u015bci 10 m oraz picie piwa bezalkoholowego z butelki o pojemno\u015bci 0,5 l na czas.<br \/>Zwyci\u0119zcy poszczeg\u00f3lnych konkurencji otrzymali atrakcyjne nagrody, natomiast pozostali uczestnicy oraz zaproszeni go\u015bcie zostali uhonorowani upominki przygotowanymi przez Zarz\u0105d.<\/p>\n<p><br \/>Od godz.18,00 rozpocz\u0119\u0142y si\u0119 zabawy przy ognisku. Na uczestnik\u00f3w czeka\u0142y pieczone kie\u0142baski, krupnioki oraz wsp\u00f3lne ta\u0144ce. Do zabawy przygrywa\u0142 zesp\u00f3\u0142 muzyczny, a wsp\u00f3lnym \u015bpiewom i dobrej zabawy nie by\u0142o ko\u0144ca. Piknik trwa\u0142 do godz.23,00, po czym uczestnicy bezpiecznie odjechali do domu autokarem. Impreza okaza\u0142a si\u0119 du\u017cym sukcesem. <br \/>Wszyscy uczestnicy zgodnie podkre\u015blali, \u017ce by\u0142 to jeden z najbardziej udanych piknik\u00f3w rodzinnych, dlatego ju\u017c teraz z niecierpliwo\u015bci\u0105 oczekuj\u0105 kolejnej edycji. <br \/>W pikniku uczestniczy\u0142o 75 uczestnik\u00f3w, w tym 59 cz\u0142onk\u00f3w naszego Ko\u0142a.<\/p>\n\n<style type=\"text\/css\">\n#foogallery-gallery-2646.fg-justified .fg-item { margin-right: 2px; margin-bottom: 2px; }\n#foogallery-gallery-2646.fg-justified .fg-image { height: 200px; }<\/style>\n\t\t\t<div class=\"foogallery foogallery-container foogallery-justified foogallery-lightbox-none fg-justified fg-ready fg-light fg-shadow-outline fg-loading-default fg-loaded-fade-in fg-caption-always fg-hover-fade fg-hover-zoom2\" id=\"foogallery-gallery-2646\" data-foogallery=\"{&quot;item&quot;:{&quot;showCaptionTitle&quot;:true,&quot;showCaptionDescription&quot;:false},&quot;lazy&quot;:true,&quot;src&quot;:&quot;src&quot;,&quot;srcset&quot;:&quot;srcset&quot;,&quot;template&quot;:{&quot;rowHeight&quot;:200,&quot;maxRowHeight&quot;:300,&quot;margins&quot;:2,&quot;align&quot;:&quot;center&quot;,&quot;lastRow&quot;:&quot;smart&quot;}}\" style=\"--fg-title-line-clamp: 1; --fg-description-line-clamp: 2;\" >\n\t<div class=\"fg-item fg-type-image fg-loading\"><figure class=\"fg-item-inner\"><a href=\"https:\/\/seirp.rzeszow.pl\/2025\/wp-content\/uploads\/2026\/08\/jaslo_2026-07_piknik_01.jpg\" data-attachment-id=\"2618\" data-type=\"image\" class=\"fg-thumb\"><span class=\"fg-image-wrap\"><img loading=\"lazy\" src=\"https:\/\/seirp.rzeszow.pl\/2025\/wp-content\/uploads\/cache\/2026\/08\/jaslo_2026-07_piknik_01\/1870825943.jpg\" height=\"300\" width=\"449\" class=\"skip-lazy fg-image\" decoding=\"async\" loading=\"lazy\"><\/span><span class=\"fg-image-overlay\"><\/span><\/a><\/figure><div class=\"fg-loader\"><\/div><\/div><div class=\"fg-item fg-type-image fg-loading\"><figure class=\"fg-item-inner\"><a href=\"https:\/\/seirp.rzeszow.pl\/2025\/wp-content\/uploads\/2026\/08\/jaslo_2026-07_piknik_02.jpg\" data-attachment-id=\"2619\" data-type=\"image\" class=\"fg-thumb\"><span class=\"fg-image-wrap\"><img loading=\"lazy\" src=\"https:\/\/seirp.rzeszow.pl\/2025\/wp-content\/uploads\/cache\/2026\/08\/jaslo_2026-07_piknik_02\/916195297.jpg\" height=\"300\" width=\"450\" class=\"skip-lazy fg-image\" decoding=\"async\" loading=\"lazy\"><\/span><span class=\"fg-image-overlay\"><\/span><\/a><\/figure><div class=\"fg-loader\"><\/div><\/div><div class=\"fg-item fg-type-image fg-loading\"><figure class=\"fg-item-inner\"><a href=\"https:\/\/seirp.rzeszow.pl\/2025\/wp-content\/uploads\/2026\/08\/jaslo_2026-07_piknik_03.jpg\" data-attachment-id=\"2620\" data-type=\"image\" class=\"fg-thumb\"><span class=\"fg-image-wrap\"><img loading=\"lazy\" src=\"https:\/\/seirp.rzeszow.pl\/2025\/wp-content\/uploads\/cache\/2026\/08\/jaslo_2026-07_piknik_03\/3864789360.jpg\" height=\"300\" width=\"450\" class=\"skip-lazy fg-image\" decoding=\"async\" loading=\"lazy\"><\/span><span class=\"fg-image-overlay\"><\/span><\/a><\/figure><div class=\"fg-loader\"><\/div><\/div><div class=\"fg-item fg-type-image fg-loading\"><figure class=\"fg-item-inner\"><a href=\"https:\/\/seirp.rzeszow.pl\/2025\/wp-content\/uploads\/2026\/08\/jaslo_2026-07_piknik_04.jpg\" data-attachment-id=\"2621\" data-type=\"image\" class=\"fg-thumb\"><span class=\"fg-image-wrap\"><img loading=\"lazy\" src=\"https:\/\/seirp.rzeszow.pl\/2025\/wp-content\/uploads\/cache\/2026\/08\/jaslo_2026-07_piknik_04\/990413244.jpg\" height=\"300\" width=\"450\" class=\"skip-lazy fg-image\" decoding=\"async\" loading=\"lazy\"><\/span><span class=\"fg-image-overlay\"><\/span><\/a><\/figure><div class=\"fg-loader\"><\/div><\/div><div class=\"fg-item fg-type-image fg-loading\"><figure class=\"fg-item-inner\"><a href=\"https:\/\/seirp.rzeszow.pl\/2025\/wp-content\/uploads\/2026\/08\/jaslo_2026-07_piknik_05.jpg\" data-attachment-id=\"2622\" data-type=\"image\" class=\"fg-thumb\"><span class=\"fg-image-wrap\"><img loading=\"lazy\" src=\"https:\/\/seirp.rzeszow.pl\/2025\/wp-content\/uploads\/cache\/2026\/08\/jaslo_2026-07_piknik_05\/1415650588.jpg\" height=\"300\" width=\"450\" class=\"skip-lazy fg-image\" decoding=\"async\" loading=\"lazy\"><\/span><span class=\"fg-image-overlay\"><\/span><\/a><\/figure><div class=\"fg-loader\"><\/div><\/div><div class=\"fg-item fg-type-image fg-loading\"><figure class=\"fg-item-inner\"><a href=\"https:\/\/seirp.rzeszow.pl\/2025\/wp-content\/uploads\/2026\/08\/jaslo_2026-07_piknik_06.jpg\" data-attachment-id=\"2623\" data-type=\"image\" class=\"fg-thumb\"><span class=\"fg-image-wrap\"><img loading=\"lazy\" src=\"https:\/\/seirp.rzeszow.pl\/2025\/wp-content\/uploads\/cache\/2026\/08\/jaslo_2026-07_piknik_06\/226464554.jpg\" height=\"300\" width=\"450\" class=\"skip-lazy fg-image\" decoding=\"async\" loading=\"lazy\"><\/span><span class=\"fg-image-overlay\"><\/span><\/a><\/figure><div class=\"fg-loader\"><\/div><\/div><div class=\"fg-item fg-type-image fg-loading\"><figure class=\"fg-item-inner\"><a href=\"https:\/\/seirp.rzeszow.pl\/2025\/wp-content\/uploads\/2026\/08\/jaslo_2026-07_piknik_07.jpg\" data-attachment-id=\"2624\" data-type=\"image\" class=\"fg-thumb\"><span class=\"fg-image-wrap\"><img loading=\"lazy\" src=\"https:\/\/seirp.rzeszow.pl\/2025\/wp-content\/uploads\/cache\/2026\/08\/jaslo_2026-07_piknik_07\/2326930524.jpg\" height=\"300\" width=\"450\" class=\"skip-lazy fg-image\" decoding=\"async\" loading=\"lazy\"><\/span><span class=\"fg-image-overlay\"><\/span><\/a><\/figure><div class=\"fg-loader\"><\/div><\/div><div class=\"fg-item fg-type-image fg-loading\"><figure class=\"fg-item-inner\"><a href=\"https:\/\/seirp.rzeszow.pl\/2025\/wp-content\/uploads\/2026\/08\/jaslo_2026-07_piknik_08.jpg\" data-attachment-id=\"2625\" data-type=\"image\" class=\"fg-thumb\"><span class=\"fg-image-wrap\"><img loading=\"lazy\" src=\"https:\/\/seirp.rzeszow.pl\/2025\/wp-content\/uploads\/cache\/2026\/08\/jaslo_2026-07_piknik_08\/2214838053.jpg\" height=\"300\" width=\"449\" class=\"skip-lazy fg-image\" decoding=\"async\" loading=\"lazy\"><\/span><span class=\"fg-image-overlay\"><\/span><\/a><\/figure><div class=\"fg-loader\"><\/div><\/div><div class=\"fg-item fg-type-image fg-loading\"><figure class=\"fg-item-inner\"><a href=\"https:\/\/seirp.rzeszow.pl\/2025\/wp-content\/uploads\/2026\/08\/jaslo_2026-07_piknik_09.jpg\" data-attachment-id=\"2626\" data-type=\"image\" class=\"fg-thumb\"><span class=\"fg-image-wrap\"><img loading=\"lazy\" src=\"https:\/\/seirp.rzeszow.pl\/2025\/wp-content\/uploads\/cache\/2026\/08\/jaslo_2026-07_piknik_09\/3949601669.jpg\" height=\"300\" width=\"449\" class=\"skip-lazy fg-image\" decoding=\"async\" loading=\"lazy\"><\/span><span class=\"fg-image-overlay\"><\/span><\/a><\/figure><div class=\"fg-loader\"><\/div><\/div><div class=\"fg-item fg-type-image fg-loading\"><figure class=\"fg-item-inner\"><a href=\"https:\/\/seirp.rzeszow.pl\/2025\/wp-content\/uploads\/2026\/08\/jaslo_2026-07_piknik_10.jpg\" data-attachment-id=\"2627\" data-type=\"image\" class=\"fg-thumb\"><span class=\"fg-image-wrap\"><img loading=\"lazy\" src=\"https:\/\/seirp.rzeszow.pl\/2025\/wp-content\/uploads\/cache\/2026\/08\/jaslo_2026-07_piknik_10\/886023480.jpg\" height=\"300\" width=\"450\" class=\"skip-lazy fg-image\" decoding=\"async\" loading=\"lazy\"><\/span><span class=\"fg-image-overlay\"><\/span><\/a><\/figure><div class=\"fg-loader\"><\/div><\/div><div class=\"fg-item fg-type-image fg-loading\"><figure class=\"fg-item-inner\"><a href=\"https:\/\/seirp.rzeszow.pl\/2025\/wp-content\/uploads\/2026\/08\/jaslo_2026-07_piknik_11.jpg\" data-attachment-id=\"2628\" data-type=\"image\" class=\"fg-thumb\"><span class=\"fg-image-wrap\"><img loading=\"lazy\" src=\"https:\/\/seirp.rzeszow.pl\/2025\/wp-content\/uploads\/cache\/2026\/08\/jaslo_2026-07_piknik_11\/3107668899.jpg\" height=\"300\" width=\"450\" class=\"skip-lazy fg-image\" decoding=\"async\" loading=\"lazy\"><\/span><span class=\"fg-image-overlay\"><\/span><\/a><\/figure><div class=\"fg-loader\"><\/div><\/div><div class=\"fg-item fg-type-image fg-loading\"><figure class=\"fg-item-inner\"><a href=\"https:\/\/seirp.rzeszow.pl\/2025\/wp-content\/uploads\/2026\/08\/jaslo_2026-07_piknik_12.jpg\" data-attachment-id=\"2629\" data-type=\"image\" class=\"fg-thumb\"><span class=\"fg-image-wrap\"><img loading=\"lazy\" src=\"https:\/\/seirp.rzeszow.pl\/2025\/wp-content\/uploads\/cache\/2026\/08\/jaslo_2026-07_piknik_12\/3760573845.jpg\" height=\"300\" width=\"451\" class=\"skip-lazy fg-image\" decoding=\"async\" loading=\"lazy\"><\/span><span class=\"fg-image-overlay\"><\/span><\/a><\/figure><div class=\"fg-loader\"><\/div><\/div><div class=\"fg-item fg-type-image fg-loading\"><figure class=\"fg-item-inner\"><a href=\"https:\/\/seirp.rzeszow.pl\/2025\/wp-content\/uploads\/2026\/08\/jaslo_2026-07_piknik_13.jpg\" data-attachment-id=\"2630\" data-type=\"image\" class=\"fg-thumb\"><span class=\"fg-image-wrap\"><img loading=\"lazy\" src=\"https:\/\/seirp.rzeszow.pl\/2025\/wp-content\/uploads\/cache\/2026\/08\/jaslo_2026-07_piknik_13\/122266337.jpg\" height=\"300\" width=\"449\" class=\"skip-lazy fg-image\" decoding=\"async\" loading=\"lazy\"><\/span><span class=\"fg-image-overlay\"><\/span><\/a><\/figure><div class=\"fg-loader\"><\/div><\/div><div class=\"fg-item fg-type-image fg-loading\"><figure class=\"fg-item-inner\"><a href=\"https:\/\/seirp.rzeszow.pl\/2025\/wp-content\/uploads\/2026\/08\/jaslo_2026-07_piknik_14.jpg\" data-attachment-id=\"2631\" data-type=\"image\" class=\"fg-thumb\"><span class=\"fg-image-wrap\"><img loading=\"lazy\" src=\"https:\/\/seirp.rzeszow.pl\/2025\/wp-content\/uploads\/cache\/2026\/08\/jaslo_2026-07_piknik_14\/3659342381.jpg\" height=\"300\" width=\"449\" class=\"skip-lazy fg-image\" decoding=\"async\" loading=\"lazy\"><\/span><span class=\"fg-image-overlay\"><\/span><\/a><\/figure><div class=\"fg-loader\"><\/div><\/div><div class=\"fg-item fg-type-image fg-loading\"><figure class=\"fg-item-inner\"><a href=\"https:\/\/seirp.rzeszow.pl\/2025\/wp-content\/uploads\/2026\/08\/jaslo_2026-07_piknik_15.jpg\" data-attachment-id=\"2632\" data-type=\"image\" class=\"fg-thumb\"><span class=\"fg-image-wrap\"><img loading=\"lazy\" src=\"https:\/\/seirp.rzeszow.pl\/2025\/wp-content\/uploads\/cache\/2026\/08\/jaslo_2026-07_piknik_15\/3044327053.jpg\" height=\"300\" width=\"450\" class=\"skip-lazy fg-image\" decoding=\"async\" loading=\"lazy\"><\/span><span class=\"fg-image-overlay\"><\/span><\/a><\/figure><div class=\"fg-loader\"><\/div><\/div><div class=\"fg-item fg-type-image fg-loading\"><figure class=\"fg-item-inner\"><a href=\"https:\/\/seirp.rzeszow.pl\/2025\/wp-content\/uploads\/2026\/08\/jaslo_2026-07_piknik_16.jpg\" data-attachment-id=\"2633\" data-type=\"image\" class=\"fg-thumb\"><span class=\"fg-image-wrap\"><img loading=\"lazy\" src=\"https:\/\/seirp.rzeszow.pl\/2025\/wp-content\/uploads\/cache\/2026\/08\/jaslo_2026-07_piknik_16\/3966382267.jpg\" height=\"300\" width=\"450\" class=\"skip-lazy fg-image\" decoding=\"async\" loading=\"lazy\"><\/span><span class=\"fg-image-overlay\"><\/span><\/a><\/figure><div class=\"fg-loader\"><\/div><\/div><div class=\"fg-item fg-type-image fg-loading\"><figure class=\"fg-item-inner\"><a href=\"https:\/\/seirp.rzeszow.pl\/2025\/wp-content\/uploads\/2026\/08\/jaslo_2026-07_piknik_17.jpg\" data-attachment-id=\"2634\" data-type=\"image\" class=\"fg-thumb\"><span class=\"fg-image-wrap\"><img loading=\"lazy\" src=\"https:\/\/seirp.rzeszow.pl\/2025\/wp-content\/uploads\/cache\/2026\/08\/jaslo_2026-07_piknik_17\/1806141389.jpg\" height=\"300\" width=\"450\" class=\"skip-lazy fg-image\" decoding=\"async\" loading=\"lazy\"><\/span><span class=\"fg-image-overlay\"><\/span><\/a><\/figure><div class=\"fg-loader\"><\/div><\/div><div class=\"fg-item fg-type-image fg-loading\"><figure class=\"fg-item-inner\"><a href=\"https:\/\/seirp.rzeszow.pl\/2025\/wp-content\/uploads\/2026\/08\/jaslo_2026-07_piknik_18.jpg\" data-attachment-id=\"2635\" data-type=\"image\" class=\"fg-thumb\"><span class=\"fg-image-wrap\"><img loading=\"lazy\" src=\"https:\/\/seirp.rzeszow.pl\/2025\/wp-content\/uploads\/cache\/2026\/08\/jaslo_2026-07_piknik_18\/1695947956.jpg\" height=\"300\" width=\"450\" class=\"skip-lazy fg-image\" decoding=\"async\" loading=\"lazy\"><\/span><span class=\"fg-image-overlay\"><\/span><\/a><\/figure><div class=\"fg-loader\"><\/div><\/div><div class=\"fg-item fg-type-image fg-loading\"><figure class=\"fg-item-inner\"><a href=\"https:\/\/seirp.rzeszow.pl\/2025\/wp-content\/uploads\/2026\/08\/jaslo_2026-07_piknik_19.jpg\" data-attachment-id=\"2636\" data-type=\"image\" class=\"fg-thumb\"><span class=\"fg-image-wrap\"><img loading=\"lazy\" src=\"https:\/\/seirp.rzeszow.pl\/2025\/wp-content\/uploads\/cache\/2026\/08\/jaslo_2026-07_piknik_19\/176128020.jpg\" height=\"300\" width=\"450\" class=\"skip-lazy fg-image\" decoding=\"async\" loading=\"lazy\"><\/span><span class=\"fg-image-overlay\"><\/span><\/a><\/figure><div class=\"fg-loader\"><\/div><\/div><div class=\"fg-item fg-type-image fg-loading\"><figure class=\"fg-item-inner\"><a href=\"https:\/\/seirp.rzeszow.pl\/2025\/wp-content\/uploads\/2026\/08\/jaslo_2026-07_piknik_20.jpg\" data-attachment-id=\"2637\" data-type=\"image\" class=\"fg-thumb\"><span class=\"fg-image-wrap\"><img loading=\"lazy\" src=\"https:\/\/seirp.rzeszow.pl\/2025\/wp-content\/uploads\/cache\/2026\/08\/jaslo_2026-07_piknik_20\/4213976623.jpg\" height=\"300\" width=\"450\" class=\"skip-lazy fg-image\" decoding=\"async\" loading=\"lazy\"><\/span><span class=\"fg-image-overlay\"><\/span><\/a><\/figure><div class=\"fg-loader\"><\/div><\/div><div class=\"fg-item fg-type-image fg-loading\"><figure class=\"fg-item-inner\"><a href=\"https:\/\/seirp.rzeszow.pl\/2025\/wp-content\/uploads\/2026\/08\/jaslo_2026-07_piknik_21.jpg\" data-attachment-id=\"2638\" data-type=\"image\" class=\"fg-thumb\"><span class=\"fg-image-wrap\"><img loading=\"lazy\" src=\"https:\/\/seirp.rzeszow.pl\/2025\/wp-content\/uploads\/cache\/2026\/08\/jaslo_2026-07_piknik_21\/1993918644.jpg\" height=\"300\" width=\"450\" class=\"skip-lazy fg-image\" decoding=\"async\" loading=\"lazy\"><\/span><span class=\"fg-image-overlay\"><\/span><\/a><\/figure><div class=\"fg-loader\"><\/div><\/div><div class=\"fg-item fg-type-image fg-loading\"><figure class=\"fg-item-inner\"><a href=\"https:\/\/seirp.rzeszow.pl\/2025\/wp-content\/uploads\/2026\/08\/jaslo_2026-07_piknik_22.jpg\" data-attachment-id=\"2639\" data-type=\"image\" class=\"fg-thumb\"><span class=\"fg-image-wrap\"><img loading=\"lazy\" src=\"https:\/\/seirp.rzeszow.pl\/2025\/wp-content\/uploads\/cache\/2026\/08\/jaslo_2026-07_piknik_22\/801523330.jpg\" height=\"300\" width=\"450\" class=\"skip-lazy fg-image\" decoding=\"async\" loading=\"lazy\"><\/span><span class=\"fg-image-overlay\"><\/span><\/a><\/figure><div class=\"fg-loader\"><\/div><\/div><div class=\"fg-item fg-type-image fg-loading\"><figure class=\"fg-item-inner\"><a href=\"https:\/\/seirp.rzeszow.pl\/2025\/wp-content\/uploads\/2026\/08\/jaslo_2026-07_piknik_23.jpg\" data-attachment-id=\"2640\" data-type=\"image\" class=\"fg-thumb\"><span class=\"fg-image-wrap\"><img loading=\"lazy\" src=\"https:\/\/seirp.rzeszow.pl\/2025\/wp-content\/uploads\/cache\/2026\/08\/jaslo_2026-07_piknik_23\/2422117337.jpg\" height=\"300\" width=\"449\" class=\"skip-lazy fg-image\" decoding=\"async\" loading=\"lazy\"><\/span><span class=\"fg-image-overlay\"><\/span><\/a><\/figure><div class=\"fg-loader\"><\/div><\/div><div class=\"fg-item fg-type-image fg-loading\"><figure class=\"fg-item-inner\"><a href=\"https:\/\/seirp.rzeszow.pl\/2025\/wp-content\/uploads\/2026\/08\/jaslo_2026-07_piknik_24.jpg\" data-attachment-id=\"2641\" data-type=\"image\" class=\"fg-thumb\"><span class=\"fg-image-wrap\"><img loading=\"lazy\" src=\"https:\/\/seirp.rzeszow.pl\/2025\/wp-content\/uploads\/cache\/2026\/08\/jaslo_2026-07_piknik_24\/1292505877.jpg\" height=\"300\" width=\"450\" class=\"skip-lazy fg-image\" decoding=\"async\" loading=\"lazy\"><\/span><span class=\"fg-image-overlay\"><\/span><\/a><\/figure><div class=\"fg-loader\"><\/div><\/div><div class=\"fg-item fg-type-image fg-loading\"><figure class=\"fg-item-inner\"><a href=\"https:\/\/seirp.rzeszow.pl\/2025\/wp-content\/uploads\/2026\/08\/jaslo_2026-07_piknik_25.jpg\" data-attachment-id=\"2642\" data-type=\"image\" class=\"fg-thumb\"><span class=\"fg-image-wrap\"><img loading=\"lazy\" src=\"https:\/\/seirp.rzeszow.pl\/2025\/wp-content\/uploads\/cache\/2026\/08\/jaslo_2026-07_piknik_25\/576950197.jpg\" height=\"300\" width=\"450\" class=\"skip-lazy fg-image\" decoding=\"async\" loading=\"lazy\"><\/span><span class=\"fg-image-overlay\"><\/span><\/a><\/figure><div class=\"fg-loader\"><\/div><\/div><div class=\"fg-item fg-type-image fg-loading\"><figure class=\"fg-item-inner\"><a href=\"https:\/\/seirp.rzeszow.pl\/2025\/wp-content\/uploads\/2026\/08\/jaslo_2026-07_piknik_26.jpg\" data-attachment-id=\"2643\" data-type=\"image\" class=\"fg-thumb\"><span class=\"fg-image-wrap\"><img loading=\"lazy\" src=\"https:\/\/seirp.rzeszow.pl\/2025\/wp-content\/uploads\/cache\/2026\/08\/jaslo_2026-07_piknik_26\/2071789955.jpg\" height=\"300\" width=\"450\" class=\"skip-lazy fg-image\" decoding=\"async\" loading=\"lazy\"><\/span><span class=\"fg-image-overlay\"><\/span><\/a><\/figure><div class=\"fg-loader\"><\/div><\/div><div class=\"fg-item fg-type-image fg-loading\"><figure class=\"fg-item-inner\"><a href=\"https:\/\/seirp.rzeszow.pl\/2025\/wp-content\/uploads\/2026\/08\/jaslo_2026-07_piknik_27.jpg\" data-attachment-id=\"2644\" data-type=\"image\" class=\"fg-thumb\"><span class=\"fg-image-wrap\"><img loading=\"lazy\" src=\"https:\/\/seirp.rzeszow.pl\/2025\/wp-content\/uploads\/cache\/2026\/08\/jaslo_2026-07_piknik_27\/4239439605.jpg\" height=\"300\" width=\"450\" class=\"skip-lazy fg-image\" decoding=\"async\" loading=\"lazy\"><\/span><span class=\"fg-image-overlay\"><\/span><\/a><\/figure><div class=\"fg-loader\"><\/div><\/div><div class=\"fg-item fg-type-image fg-loading\"><figure class=\"fg-item-inner\"><a href=\"https:\/\/seirp.rzeszow.pl\/2025\/wp-content\/uploads\/2026\/08\/jaslo_2026-07_piknik_28.jpg\" data-attachment-id=\"2645\" data-type=\"image\" class=\"fg-thumb\"><span class=\"fg-image-wrap\"><img loading=\"lazy\" src=\"https:\/\/seirp.rzeszow.pl\/2025\/wp-content\/uploads\/cache\/2026\/08\/jaslo_2026-07_piknik_28\/4060163468.jpg\" height=\"300\" width=\"451\" class=\"skip-lazy fg-image\" decoding=\"async\" loading=\"lazy\"><\/span><span class=\"fg-image-overlay\"><\/span><\/a><\/figure><div class=\"fg-loader\"><\/div><\/div><\/div>\n\n","protected":false},"excerpt":{"rendered":"<p>W dniu 25 lipca 2026 r. nad stawem w Zimnej Wodzie odby\u0142a si\u0119 impreza integracyjna \u201ePiknik Rodzinny\u201d, zorganizowana przez Zarz\u0105d Stowarzyszenia Emeryt\u00f3w i Rencist\u00f3w Policyjnych w Ja\u015ble. Zaproszonych go\u015bci oraz cz\u0142onk\u00f3w naszego Ko\u0142a powita\u0142 Prezes Ko\u0142a J\u00f3zef Dziedzic. Zarz\u0105d Wojew\u00f3dzki SEiRP w Rzeszowie reprezentowali: Wiceprezes Waldemar Pieniowski, Wiceprezes Marta Wytrwa\u0142 oraz Sekretarz Halina Pieniowska. Swoj\u0105 [&hellip;]<\/p>\n","protected":false},"author":1,"featured_media":0,"comment_status":"closed","ping_status":"closed","sticky":false,"template":"","format":"standard","meta":{"_thinkrank_schema_form_data":"","_thinkrank_selected_schema_type":"","_thinkrank_additional_schemas":"","_thinkrank_canonical_url":"","_thinkrank_og_title":"","_thinkrank_og_description":"","_thinkrank_og_image":"","_thinkrank_twitter_title":"","_thinkrank_twitter_description":"","_thinkrank_twitter_image":"","_thinkrank_imported_from":"","_thinkrank_focus_keywords":[],"_thinkrank_focus_keyword":"","_thinkrank_robots_meta_enabled":0,"_thinkrank_robots_meta":"","_thinkrank_advanced_robots_meta":"","_thinkrank_primary_category":0,"footnotes":""},"categories":[37,35],"tags":[],"class_list":["post-2647","post","type-post","status-publish","format-standard","hentry","category-jaslo-kolo-aktualnosci","category-jaslo-kolo"],"_links":{"self":[{"href":"https:\/\/seirp.rzeszow.pl\/2025\/wp-json\/wp\/v2\/posts\/2647","targetHints":{"allow":["GET"]}}],"collection":[{"href":"https:\/\/seirp.rzeszow.pl\/2025\/wp-json\/wp\/v2\/posts"}],"about":[{"href":"https:\/\/seirp.rzeszow.pl\/2025\/wp-json\/wp\/v2\/types\/post"}],"author":[{"embeddable":true,"href":"https:\/\/seirp.rzeszow.pl\/2025\/wp-json\/wp\/v2\/users\/1"}],"replies":[{"embeddable":true,"href":"https:\/\/seirp.rzeszow.pl\/2025\/wp-json\/wp\/v2\/comments?post=2647"}],"version-history":[{"count":1,"href":"https:\/\/seirp.rzeszow.pl\/2025\/wp-json\/wp\/v2\/posts\/2647\/revisions"}],"predecessor-version":[{"id":2648,"href":"https:\/\/seirp.rzeszow.pl\/2025\/wp-json\/wp\/v2\/posts\/2647\/revisions\/2648"}],"wp:attachment":[{"href":"https:\/\/seirp.rzeszow.pl\/2025\/wp-json\/wp\/v2\/media?parent=2647"}],"wp:term":[{"taxonomy":"category","embeddable":true,"href":"https:\/\/seirp.rzeszow.pl\/2025\/wp-json\/wp\/v2\/categories?post=2647"},{"taxonomy":"post_tag","embeddable":true,"href":"https:\/\/seirp.rzeszow.pl\/2025\/wp-json\/wp\/v2\/tags?post=2647"}],"curies":[{"name":"wp","href":"https:\/\/api.w.org\/{rel}","templated":true}]}}