{"id":2680,"date":"2026-08-26T09:34:23","date_gmt":"2026-08-26T09:34:23","guid":{"rendered":"https:\/\/seirp.rzeszow.pl\/2025\/?p=2680"},"modified":"2026-08-26T09:36:00","modified_gmt":"2026-08-26T09:36:00","slug":"integracja-tarnobrzezan","status":"publish","type":"post","link":"https:\/\/seirp.rzeszow.pl\/2025\/integracja-tarnobrzezan\/","title":{"rendered":"Integracja tarnobrze\u017can"},"content":{"rendered":"<p>W dniu 31-07-2026 r odby\u0142o si\u0119 spotkanie integracyjne na \u015bwie\u017cym powietrzu kt\u00f3re by\u0142o doskona\u0142\u0105 okazj\u0105 do wsp\u00f3lnego sp\u0119dzenia czasu, lepszego poznania si\u0119 i budowania pozytywnych relacji w zespole. W przyjaznej, swobodnej atmosferze uczestnicy mogli odpocz\u0105\u0107 od codziennych obowi\u0105zk\u00f3w, porozmawia\u0107, wsp\u00f3lnie bawi\u0107 si\u0119 i cieszy\u0107 muzyk\u0105 na \u015bwie\u017cym powietrzu. Spotkanie uatrakcyjni\u0142a muzyka, kt\u00f3ra stworzy\u0142a przyjemny klimat sprzyjaj\u0105cy dobrej zabawie. <br \/>Wydarzenie to by\u0142o okazj\u0105 do relaksu, wymiany do\u015bwiadcze\u0144 oraz wzmacniania wsp\u00f3\u0142pracy i poczucia wsp\u00f3lnoty w zespole.<br \/>Na wst\u0119pie nowo wybrany prezes Ko\u0142a Grzegorz P\u0142aza przywita\u0142 wszystkich przyby\u0142ych go\u015bci;<br \/><em>Szanowni Pa\u0144stwo,<\/em><br \/><em>Otwieraj\u0105c dzisiejsze spotkanie integracyjne, w imieniu Zarz\u0105du SEiRP w Tarnobrzegu serdecznie witam:<\/em><br \/><em>&#8211; cz\u0142onk\u00f3w Zarz\u0105du Wojew\u00f3dzkiego SEiRP w Rzeszowie, <\/em><br \/><em>Pana prezesa Jana Rusek oraz pani\u0105 Ann\u0119 Bomba przewodnicz\u0105c\u0105 KR ZOW,<\/em><br \/><em>oraz wszystkich cz\u0142onk\u00f3w Stowarzyszenia ko\u0142a w Tarnobrzegu <\/em><br \/><em>-witam serdecznie tych , kt\u00f3rzy na co dzie\u0144 wspieraj\u0105 naszych emeryt\u00f3w i rencist\u00f3w, s\u0142u\u017c\u0105c im rad\u0105, dziel\u0105c z nimi troski dnia codziennego.<\/em><br \/>Dzi\u0119kujemy wszystkim za \u015bwietne spotkanie integracyjne! By\u0142o naprawd\u0119 mi\u0142o sp\u0119dzi\u0107 razem czas, porozmawia\u0107 w lu\u017aniejszej atmosferze i lepiej si\u0119 pozna\u0107. Dzi\u0119ki za dobr\u0105 energi\u0119, mn\u00f3stwo u\u015bmiechu i \u015bwietn\u0105 zabaw\u0119. <br \/>Oby takich spotka\u0144 by\u0142o wi\u0119cej!<\/p>\n\n<style type=\"text\/css\">\n#foogallery-gallery-2677 .fg-image { width: 270px; }\n#foogallery-gallery-2677 { --fg-gutter: 10px; }<\/style>\n\t\t\t<div class=\"foogallery foogallery-container foogallery-default foogallery-lightbox-none fg-center fg-default fg-ready fg-light fg-shadow-medium fg-loading-default fg-loaded-fade-in fg-preset fg-brad fg-preset-small fg-preset fg-brad fg-preset-small\" id=\"foogallery-gallery-2677\" data-foogallery=\"{&quot;item&quot;:{&quot;showCaptionTitle&quot;:true,&quot;showCaptionDescription&quot;:true},&quot;lazy&quot;:true,&quot;src&quot;:&quot;src&quot;,&quot;srcset&quot;:&quot;srcset&quot;}\" style=\"--fg-title-line-clamp: 1; --fg-description-line-clamp: 2;\" >\n\t<div class=\"fg-item fg-type-image fg-loading\"><figure class=\"fg-item-inner\"><a href=\"https:\/\/seirp.rzeszow.pl\/2025\/wp-content\/uploads\/2026\/08\/tarnobrzeg_2026-07_int_01.jpg\" data-attachment-id=\"2668\" data-type=\"image\" class=\"fg-thumb\"><span class=\"fg-image-wrap\"><img loading=\"lazy\" src=\"https:\/\/seirp.rzeszow.pl\/2025\/wp-content\/uploads\/cache\/2026\/08\/tarnobrzeg_2026-07_int_01\/2988138754.jpg\" width=\"270\" height=\"230\" class=\"skip-lazy fg-image\" decoding=\"async\" loading=\"lazy\"><\/span><span class=\"fg-image-overlay\"><\/span><\/a><\/figure><div class=\"fg-loader\"><\/div><\/div><div class=\"fg-item fg-type-image fg-loading\"><figure class=\"fg-item-inner\"><a href=\"https:\/\/seirp.rzeszow.pl\/2025\/wp-content\/uploads\/2026\/08\/tarnobrzeg_2026-07_int_02.jpg\" data-attachment-id=\"2669\" data-type=\"image\" class=\"fg-thumb\"><span class=\"fg-image-wrap\"><img loading=\"lazy\" src=\"https:\/\/seirp.rzeszow.pl\/2025\/wp-content\/uploads\/cache\/2026\/08\/tarnobrzeg_2026-07_int_02\/1421851566.jpg\" width=\"270\" height=\"230\" class=\"skip-lazy fg-image\" decoding=\"async\" loading=\"lazy\"><\/span><span class=\"fg-image-overlay\"><\/span><\/a><\/figure><div class=\"fg-loader\"><\/div><\/div><div class=\"fg-item fg-type-image fg-loading\"><figure class=\"fg-item-inner\"><a href=\"https:\/\/seirp.rzeszow.pl\/2025\/wp-content\/uploads\/2026\/08\/tarnobrzeg_2026-07_int_03.jpg\" data-attachment-id=\"2670\" data-type=\"image\" class=\"fg-thumb\"><span class=\"fg-image-wrap\"><img loading=\"lazy\" src=\"https:\/\/seirp.rzeszow.pl\/2025\/wp-content\/uploads\/cache\/2026\/08\/tarnobrzeg_2026-07_int_03\/3783915353.jpg\" width=\"270\" height=\"230\" class=\"skip-lazy fg-image\" decoding=\"async\" loading=\"lazy\"><\/span><span class=\"fg-image-overlay\"><\/span><\/a><\/figure><div class=\"fg-loader\"><\/div><\/div><div class=\"fg-item fg-type-image fg-loading\"><figure class=\"fg-item-inner\"><a href=\"https:\/\/seirp.rzeszow.pl\/2025\/wp-content\/uploads\/2026\/08\/tarnobrzeg_2026-07_int_04.jpg\" data-attachment-id=\"2671\" data-type=\"image\" class=\"fg-thumb\"><span class=\"fg-image-wrap\"><img loading=\"lazy\" src=\"https:\/\/seirp.rzeszow.pl\/2025\/wp-content\/uploads\/cache\/2026\/08\/tarnobrzeg_2026-07_int_04\/2204574479.jpg\" width=\"270\" height=\"230\" class=\"skip-lazy fg-image\" decoding=\"async\" loading=\"lazy\"><\/span><span class=\"fg-image-overlay\"><\/span><\/a><\/figure><div class=\"fg-loader\"><\/div><\/div><div class=\"fg-item fg-type-image fg-loading\"><figure class=\"fg-item-inner\"><a href=\"https:\/\/seirp.rzeszow.pl\/2025\/wp-content\/uploads\/2026\/08\/tarnobrzeg_2026-07_int_05.jpg\" data-attachment-id=\"2672\" data-type=\"image\" class=\"fg-thumb\"><span class=\"fg-image-wrap\"><img loading=\"lazy\" src=\"https:\/\/seirp.rzeszow.pl\/2025\/wp-content\/uploads\/cache\/2026\/08\/tarnobrzeg_2026-07_int_05\/4155589696.jpg\" width=\"270\" height=\"230\" class=\"skip-lazy fg-image\" decoding=\"async\" loading=\"lazy\"><\/span><span class=\"fg-image-overlay\"><\/span><\/a><\/figure><div class=\"fg-loader\"><\/div><\/div><div class=\"fg-item fg-type-image fg-loading\"><figure class=\"fg-item-inner\"><a href=\"https:\/\/seirp.rzeszow.pl\/2025\/wp-content\/uploads\/2026\/08\/tarnobrzeg_2026-07_int_06.jpg\" data-attachment-id=\"2673\" data-type=\"image\" class=\"fg-thumb\"><span class=\"fg-image-wrap\"><img loading=\"lazy\" src=\"https:\/\/seirp.rzeszow.pl\/2025\/wp-content\/uploads\/cache\/2026\/08\/tarnobrzeg_2026-07_int_06\/286629612.jpg\" width=\"270\" height=\"230\" class=\"skip-lazy fg-image\" decoding=\"async\" loading=\"lazy\"><\/span><span class=\"fg-image-overlay\"><\/span><\/a><\/figure><div class=\"fg-loader\"><\/div><\/div><div class=\"fg-item fg-type-image fg-loading\"><figure class=\"fg-item-inner\"><a href=\"https:\/\/seirp.rzeszow.pl\/2025\/wp-content\/uploads\/2026\/08\/tarnobrzeg_2026-07_int_07.jpg\" data-attachment-id=\"2674\" data-type=\"image\" class=\"fg-thumb\"><span class=\"fg-image-wrap\"><img loading=\"lazy\" src=\"https:\/\/seirp.rzeszow.pl\/2025\/wp-content\/uploads\/cache\/2026\/08\/tarnobrzeg_2026-07_int_07\/505252574.jpg\" width=\"270\" height=\"230\" class=\"skip-lazy fg-image\" decoding=\"async\" loading=\"lazy\"><\/span><span class=\"fg-image-overlay\"><\/span><\/a><\/figure><div class=\"fg-loader\"><\/div><\/div><div class=\"fg-item fg-type-image fg-loading\"><figure class=\"fg-item-inner\"><a href=\"https:\/\/seirp.rzeszow.pl\/2025\/wp-content\/uploads\/2026\/08\/tarnobrzeg_2026-07_int_08.jpg\" data-attachment-id=\"2675\" data-type=\"image\" class=\"fg-thumb\"><span class=\"fg-image-wrap\"><img loading=\"lazy\" src=\"https:\/\/seirp.rzeszow.pl\/2025\/wp-content\/uploads\/cache\/2026\/08\/tarnobrzeg_2026-07_int_08\/2937472317.jpg\" width=\"270\" height=\"230\" class=\"skip-lazy fg-image\" decoding=\"async\" loading=\"lazy\"><\/span><span class=\"fg-image-overlay\"><\/span><\/a><\/figure><div class=\"fg-loader\"><\/div><\/div><div class=\"fg-item fg-type-image fg-loading\"><figure class=\"fg-item-inner\"><a href=\"https:\/\/seirp.rzeszow.pl\/2025\/wp-content\/uploads\/2026\/08\/tarnobrzeg_2026-07_int_09.jpg\" data-attachment-id=\"2676\" data-type=\"image\" class=\"fg-thumb\"><span class=\"fg-image-wrap\"><img loading=\"lazy\" src=\"https:\/\/seirp.rzeszow.pl\/2025\/wp-content\/uploads\/cache\/2026\/08\/tarnobrzeg_2026-07_int_09\/3686802034.jpg\" width=\"270\" height=\"230\" class=\"skip-lazy fg-image\" decoding=\"async\" loading=\"lazy\"><\/span><span class=\"fg-image-overlay\"><\/span><\/a><\/figure><div class=\"fg-loader\"><\/div><\/div><\/div>\n\n","protected":false},"excerpt":{"rendered":"<p>W dniu 31-07-2026 r odby\u0142o si\u0119 spotkanie integracyjne na \u015bwie\u017cym powietrzu kt\u00f3re by\u0142o doskona\u0142\u0105 okazj\u0105 do wsp\u00f3lnego sp\u0119dzenia czasu, lepszego poznania si\u0119 i budowania pozytywnych relacji w zespole. W przyjaznej, swobodnej atmosferze uczestnicy mogli odpocz\u0105\u0107 od codziennych obowi\u0105zk\u00f3w, porozmawia\u0107, wsp\u00f3lnie bawi\u0107 si\u0119 i cieszy\u0107 muzyk\u0105 na \u015bwie\u017cym powietrzu. Spotkanie uatrakcyjni\u0142a muzyka, kt\u00f3ra stworzy\u0142a przyjemny klimat [&hellip;]<\/p>\n","protected":false},"author":1,"featured_media":0,"comment_status":"closed","ping_status":"closed","sticky":false,"template":"","format":"standard","meta":{"_thinkrank_schema_form_data":"","_thinkrank_selected_schema_type":"","_thinkrank_additional_schemas":"","_thinkrank_canonical_url":"","_thinkrank_og_title":"","_thinkrank_og_description":"","_thinkrank_og_image":"","_thinkrank_twitter_title":"","_thinkrank_twitter_description":"","_thinkrank_twitter_image":"","_thinkrank_imported_from":"","_thinkrank_focus_keywords":[],"_thinkrank_focus_keyword":"","_thinkrank_robots_meta_enabled":0,"_thinkrank_robots_meta":"","_thinkrank_advanced_robots_meta":"","_thinkrank_primary_category":0,"footnotes":""},"categories":[46,45],"tags":[],"class_list":["post-2680","post","type-post","status-publish","format-standard","hentry","category-tarnobrzeg-kolo-aktualnosci","category-tarnobrzeg-kolo"],"_links":{"self":[{"href":"https:\/\/seirp.rzeszow.pl\/2025\/wp-json\/wp\/v2\/posts\/2680","targetHints":{"allow":["GET"]}}],"collection":[{"href":"https:\/\/seirp.rzeszow.pl\/2025\/wp-json\/wp\/v2\/posts"}],"about":[{"href":"https:\/\/seirp.rzeszow.pl\/2025\/wp-json\/wp\/v2\/types\/post"}],"author":[{"embeddable":true,"href":"https:\/\/seirp.rzeszow.pl\/2025\/wp-json\/wp\/v2\/users\/1"}],"replies":[{"embeddable":true,"href":"https:\/\/seirp.rzeszow.pl\/2025\/wp-json\/wp\/v2\/comments?post=2680"}],"version-history":[{"count":2,"href":"https:\/\/seirp.rzeszow.pl\/2025\/wp-json\/wp\/v2\/posts\/2680\/revisions"}],"predecessor-version":[{"id":2682,"href":"https:\/\/seirp.rzeszow.pl\/2025\/wp-json\/wp\/v2\/posts\/2680\/revisions\/2682"}],"wp:attachment":[{"href":"https:\/\/seirp.rzeszow.pl\/2025\/wp-json\/wp\/v2\/media?parent=2680"}],"wp:term":[{"taxonomy":"category","embeddable":true,"href":"https:\/\/seirp.rzeszow.pl\/2025\/wp-json\/wp\/v2\/categories?post=2680"},{"taxonomy":"post_tag","embeddable":true,"href":"https:\/\/seirp.rzeszow.pl\/2025\/wp-json\/wp\/v2\/tags?post=2680"}],"curies":[{"name":"wp","href":"https:\/\/api.w.org\/{rel}","templated":true}]}}