{"id":2705,"date":"2026-09-01T06:24:36","date_gmt":"2026-09-01T06:24:36","guid":{"rendered":"https:\/\/seirp.rzeszow.pl\/2025\/?p=2705"},"modified":"2026-09-01T06:24:37","modified_gmt":"2026-09-01T06:24:37","slug":"uroczyste-posiedzenie-zarzadu-kola-2","status":"publish","type":"post","link":"https:\/\/seirp.rzeszow.pl\/2025\/uroczyste-posiedzenie-zarzadu-kola-2\/","title":{"rendered":"Uroczyste posiedzenie Zarz\u0105du Ko\u0142a"},"content":{"rendered":"<p>W dniu 21 sierpnia 2026 roku nad stawem w Zimnej Wodzie odby\u0142o si\u0119 uroczyste posiedzenie Zarz\u0105du Ko\u0142a Stowarzyszenia Emeryt\u00f3w i Rencist\u00f3w Policyjnych w Ja\u015ble z udzia\u0142em zaproszonych go\u015bci.<\/p>\n<p>Swoj\u0105 obecno\u015bci\u0105 zaszczycili nas: europose\u0142 Bogdan Rzo\u0144ca, W\u00f3jt Gminy Jas\u0142o Wojciech Pi\u0119ko\u015b, Zast\u0119pca W\u00f3jta Gminy Jas\u0142o Ewa Majewska, Komendant Powiatowy Policji w Ja\u015ble inspektor Grzegorz Koczera, Pierwszy Zast\u0119pca Komendanta Powiatowego Policji w Ja\u015ble nadkom. \u0141ukasz Owi\u0144ski oraz Kapelan s\u0142u\u017cb mundurowych, a zarazem opiekun duchowy naszego Ko\u0142a ks. Gerard Stanula.<\/p>\n<p>Spotkanie przy kolacji przygotowanej przez Firm\u0119 Trafunek w D\u0119bowcu, przebiega\u0142o w mi\u0142ej i serdecznej \u00a0atmosferze. By\u0142o ono okazj\u0105 do podsumowania realizacji zada\u0144 w pierwszym p\u00f3\u0142roczu 2026 roku, om\u00f3wienia zaplanowanych\u00a0 dzia\u0142a\u0144 w drugiej po\u0142owie \u00a0roku, a tak\u017ce wst\u0119pnego okre\u015blenia zadania przewidzianych do realizacji w 2027 r.<\/p>\n<p>Podczas spotkania poruszono wiele temat\u00f3w zwi\u0105zanych z dzia\u0142alno\u015bci\u0105 Stowarzyszenia oraz funkcjonowaniem naszego Ko\u0142a. Szczeg\u00f3lnie podkre\u015blono, \u017ce dzi\u0119ki zaanga\u017cowania cz\u0142onk\u00f3w Zarz\u0105du, a w szczeg\u00f3lno\u015bci Prezesa Ko\u0142a kol. J\u00f3zefa Dziedzica,\u00a0 \u00a0w szeregi Stowarzyszenia wst\u0105pi\u0142o a\u017c dwudziestu trzech nowych cz\u0142onk\u00f3w. Spotkanie by\u0142a r\u00f3wnie\u017c okazja do z\u0142o\u017cenia serdecznych podzi\u0119kowa\u0144 oraz uhonorowania os\u00f3b zaanga\u017cowanych w dzia\u0142alno\u015b\u0107 naszego Ko\u0142a. Wr\u0119czono\u00a0 dyplomy jubileuszowe z Medalem XXXV- lecia SEiRP oraz upominki osobom wspieraj\u0105cym dzia\u0142alno\u015b\u0107 Ko\u0142a.<\/p>\n<p>Serdecznie dzi\u0119kujemy wszystkim za obecno\u015b\u0107, \u017cyczliwo\u015b\u0107 i wsparcie naszej dzia\u0142alno\u015bci.<\/p>\n\n<style type=\"text\/css\">\n#foogallery-gallery-2704.fg-justified .fg-item { margin-right: 2px; margin-bottom: 2px; }\n#foogallery-gallery-2704.fg-justified .fg-image { height: 200px; }<\/style>\n\t\t\t<div class=\"foogallery foogallery-container foogallery-justified foogallery-lightbox-none fg-justified fg-ready fg-light fg-shadow-outline fg-loading-default fg-loaded-fade-in fg-caption-always fg-hover-fade fg-hover-zoom2\" id=\"foogallery-gallery-2704\" data-foogallery=\"{&quot;item&quot;:{&quot;showCaptionTitle&quot;:true,&quot;showCaptionDescription&quot;:false},&quot;lazy&quot;:true,&quot;src&quot;:&quot;src&quot;,&quot;srcset&quot;:&quot;srcset&quot;,&quot;template&quot;:{&quot;rowHeight&quot;:200,&quot;maxRowHeight&quot;:300,&quot;margins&quot;:2,&quot;align&quot;:&quot;center&quot;,&quot;lastRow&quot;:&quot;smart&quot;}}\" style=\"--fg-title-line-clamp: 1; --fg-description-line-clamp: 2;\" >\n\t<div class=\"fg-item fg-type-image fg-loading\"><figure class=\"fg-item-inner\"><a href=\"https:\/\/seirp.rzeszow.pl\/2025\/wp-content\/uploads\/2026\/09\/jaslo_2026-07_posiedzenie_01.jpg\" data-attachment-id=\"2690\" data-type=\"image\" class=\"fg-thumb\"><span class=\"fg-image-wrap\"><img loading=\"lazy\" src=\"https:\/\/seirp.rzeszow.pl\/2025\/wp-content\/uploads\/cache\/2026\/09\/jaslo_2026-07_posiedzenie_01\/131983829.jpg\" height=\"300\" width=\"225\" class=\"skip-lazy fg-image\" decoding=\"async\" loading=\"lazy\"><\/span><span class=\"fg-image-overlay\"><\/span><\/a><\/figure><div class=\"fg-loader\"><\/div><\/div><div class=\"fg-item fg-type-image fg-loading\"><figure class=\"fg-item-inner\"><a href=\"https:\/\/seirp.rzeszow.pl\/2025\/wp-content\/uploads\/2026\/09\/jaslo_2026-07_posiedzenie_02.jpg\" data-attachment-id=\"2691\" data-type=\"image\" class=\"fg-thumb\"><span class=\"fg-image-wrap\"><img loading=\"lazy\" src=\"https:\/\/seirp.rzeszow.pl\/2025\/wp-content\/uploads\/cache\/2026\/09\/jaslo_2026-07_posiedzenie_02\/1790863025.jpg\" height=\"300\" width=\"400\" class=\"skip-lazy fg-image\" decoding=\"async\" loading=\"lazy\"><\/span><span class=\"fg-image-overlay\"><\/span><\/a><\/figure><div class=\"fg-loader\"><\/div><\/div><div class=\"fg-item fg-type-image fg-loading\"><figure class=\"fg-item-inner\"><a href=\"https:\/\/seirp.rzeszow.pl\/2025\/wp-content\/uploads\/2026\/09\/jaslo_2026-07_posiedzenie_03.jpg\" data-attachment-id=\"2692\" data-type=\"image\" class=\"fg-thumb\"><span class=\"fg-image-wrap\"><img loading=\"lazy\" src=\"https:\/\/seirp.rzeszow.pl\/2025\/wp-content\/uploads\/cache\/2026\/09\/jaslo_2026-07_posiedzenie_03\/1498479079.jpg\" height=\"300\" width=\"400\" class=\"skip-lazy fg-image\" decoding=\"async\" loading=\"lazy\"><\/span><span class=\"fg-image-overlay\"><\/span><\/a><\/figure><div class=\"fg-loader\"><\/div><\/div><div class=\"fg-item fg-type-image fg-loading\"><figure class=\"fg-item-inner\"><a href=\"https:\/\/seirp.rzeszow.pl\/2025\/wp-content\/uploads\/2026\/09\/jaslo_2026-07_posiedzenie_04.jpg\" data-attachment-id=\"2693\" data-type=\"image\" class=\"fg-thumb\"><span class=\"fg-image-wrap\"><img loading=\"lazy\" src=\"https:\/\/seirp.rzeszow.pl\/2025\/wp-content\/uploads\/cache\/2026\/09\/jaslo_2026-07_posiedzenie_04\/2960750713.jpg\" height=\"300\" width=\"400\" class=\"skip-lazy fg-image\" decoding=\"async\" loading=\"lazy\"><\/span><span class=\"fg-image-overlay\"><\/span><\/a><\/figure><div class=\"fg-loader\"><\/div><\/div><div class=\"fg-item fg-type-image fg-loading\"><figure class=\"fg-item-inner\"><a href=\"https:\/\/seirp.rzeszow.pl\/2025\/wp-content\/uploads\/2026\/09\/jaslo_2026-07_posiedzenie_05.jpg\" data-attachment-id=\"2694\" data-type=\"image\" class=\"fg-thumb\"><span class=\"fg-image-wrap\"><img loading=\"lazy\" src=\"https:\/\/seirp.rzeszow.pl\/2025\/wp-content\/uploads\/cache\/2026\/09\/jaslo_2026-07_posiedzenie_05\/3133655473.jpg\" height=\"300\" width=\"400\" class=\"skip-lazy fg-image\" decoding=\"async\" loading=\"lazy\"><\/span><span class=\"fg-image-overlay\"><\/span><\/a><\/figure><div class=\"fg-loader\"><\/div><\/div><div class=\"fg-item fg-type-image fg-loading\"><figure class=\"fg-item-inner\"><a href=\"https:\/\/seirp.rzeszow.pl\/2025\/wp-content\/uploads\/2026\/09\/jaslo_2026-07_posiedzenie_06.jpg\" data-attachment-id=\"2695\" data-type=\"image\" class=\"fg-thumb\"><span class=\"fg-image-wrap\"><img loading=\"lazy\" src=\"https:\/\/seirp.rzeszow.pl\/2025\/wp-content\/uploads\/cache\/2026\/09\/jaslo_2026-07_posiedzenie_06\/3617867477.jpg\" height=\"300\" width=\"400\" class=\"skip-lazy fg-image\" decoding=\"async\" loading=\"lazy\"><\/span><span class=\"fg-image-overlay\"><\/span><\/a><\/figure><div class=\"fg-loader\"><\/div><\/div><div class=\"fg-item fg-type-image fg-loading\"><figure class=\"fg-item-inner\"><a href=\"https:\/\/seirp.rzeszow.pl\/2025\/wp-content\/uploads\/2026\/09\/jaslo_2026-07_posiedzenie_07.jpg\" data-attachment-id=\"2696\" data-type=\"image\" class=\"fg-thumb\"><span class=\"fg-image-wrap\"><img loading=\"lazy\" src=\"https:\/\/seirp.rzeszow.pl\/2025\/wp-content\/uploads\/cache\/2026\/09\/jaslo_2026-07_posiedzenie_07\/3830110595.jpg\" height=\"300\" width=\"400\" class=\"skip-lazy fg-image\" decoding=\"async\" loading=\"lazy\"><\/span><span class=\"fg-image-overlay\"><\/span><\/a><\/figure><div class=\"fg-loader\"><\/div><\/div><div class=\"fg-item fg-type-image fg-loading\"><figure class=\"fg-item-inner\"><a href=\"https:\/\/seirp.rzeszow.pl\/2025\/wp-content\/uploads\/2026\/09\/jaslo_2026-07_posiedzenie_08.jpg\" data-attachment-id=\"2697\" data-type=\"image\" class=\"fg-thumb\"><span class=\"fg-image-wrap\"><img loading=\"lazy\" src=\"https:\/\/seirp.rzeszow.pl\/2025\/wp-content\/uploads\/cache\/2026\/09\/jaslo_2026-07_posiedzenie_08\/3733341096.jpg\" height=\"300\" width=\"400\" class=\"skip-lazy fg-image\" decoding=\"async\" loading=\"lazy\"><\/span><span class=\"fg-image-overlay\"><\/span><\/a><\/figure><div class=\"fg-loader\"><\/div><\/div><div class=\"fg-item fg-type-image fg-loading\"><figure class=\"fg-item-inner\"><a href=\"https:\/\/seirp.rzeszow.pl\/2025\/wp-content\/uploads\/2026\/09\/jaslo_2026-07_posiedzenie_09.jpg\" data-attachment-id=\"2698\" data-type=\"image\" class=\"fg-thumb\"><span class=\"fg-image-wrap\"><img loading=\"lazy\" src=\"https:\/\/seirp.rzeszow.pl\/2025\/wp-content\/uploads\/cache\/2026\/09\/jaslo_2026-07_posiedzenie_09\/2795024220.jpg\" height=\"300\" width=\"400\" class=\"skip-lazy fg-image\" decoding=\"async\" loading=\"lazy\"><\/span><span class=\"fg-image-overlay\"><\/span><\/a><\/figure><div class=\"fg-loader\"><\/div><\/div><div class=\"fg-item fg-type-image fg-loading\"><figure class=\"fg-item-inner\"><a href=\"https:\/\/seirp.rzeszow.pl\/2025\/wp-content\/uploads\/2026\/09\/jaslo_2026-07_posiedzenie_10.jpg\" data-attachment-id=\"2699\" data-type=\"image\" class=\"fg-thumb\"><span class=\"fg-image-wrap\"><img loading=\"lazy\" src=\"https:\/\/seirp.rzeszow.pl\/2025\/wp-content\/uploads\/cache\/2026\/09\/jaslo_2026-07_posiedzenie_10\/1296050355.jpg\" height=\"300\" width=\"400\" class=\"skip-lazy fg-image\" decoding=\"async\" loading=\"lazy\"><\/span><span class=\"fg-image-overlay\"><\/span><\/a><\/figure><div class=\"fg-loader\"><\/div><\/div><div class=\"fg-item fg-type-image fg-loading\"><figure class=\"fg-item-inner\"><a href=\"https:\/\/seirp.rzeszow.pl\/2025\/wp-content\/uploads\/2026\/09\/jaslo_2026-07_posiedzenie_11.jpg\" data-attachment-id=\"2700\" data-type=\"image\" class=\"fg-thumb\"><span class=\"fg-image-wrap\"><img loading=\"lazy\" src=\"https:\/\/seirp.rzeszow.pl\/2025\/wp-content\/uploads\/cache\/2026\/09\/jaslo_2026-07_posiedzenie_11\/3676650805.jpg\" height=\"300\" width=\"400\" class=\"skip-lazy fg-image\" decoding=\"async\" loading=\"lazy\"><\/span><span class=\"fg-image-overlay\"><\/span><\/a><\/figure><div class=\"fg-loader\"><\/div><\/div><div class=\"fg-item fg-type-image fg-loading\"><figure class=\"fg-item-inner\"><a href=\"https:\/\/seirp.rzeszow.pl\/2025\/wp-content\/uploads\/2026\/09\/jaslo_2026-07_posiedzenie_12.jpg\" data-attachment-id=\"2701\" data-type=\"image\" class=\"fg-thumb\"><span class=\"fg-image-wrap\"><img loading=\"lazy\" src=\"https:\/\/seirp.rzeszow.pl\/2025\/wp-content\/uploads\/cache\/2026\/09\/jaslo_2026-07_posiedzenie_12\/3058086481.jpg\" height=\"300\" width=\"476\" class=\"skip-lazy fg-image\" decoding=\"async\" loading=\"lazy\"><\/span><span class=\"fg-image-overlay\"><\/span><\/a><\/figure><div class=\"fg-loader\"><\/div><\/div><div class=\"fg-item fg-type-image fg-loading\"><figure class=\"fg-item-inner\"><a href=\"https:\/\/seirp.rzeszow.pl\/2025\/wp-content\/uploads\/2026\/09\/jaslo_2026-07_posiedzenie_13.jpg\" data-attachment-id=\"2702\" data-type=\"image\" class=\"fg-thumb\"><span class=\"fg-image-wrap\"><img loading=\"lazy\" src=\"https:\/\/seirp.rzeszow.pl\/2025\/wp-content\/uploads\/cache\/2026\/09\/jaslo_2026-07_posiedzenie_13\/2242391303.jpg\" height=\"300\" width=\"400\" class=\"skip-lazy fg-image\" decoding=\"async\" loading=\"lazy\"><\/span><span class=\"fg-image-overlay\"><\/span><\/a><\/figure><div class=\"fg-loader\"><\/div><\/div><div class=\"fg-item fg-type-image fg-loading\"><figure class=\"fg-item-inner\"><a href=\"https:\/\/seirp.rzeszow.pl\/2025\/wp-content\/uploads\/2026\/09\/jaslo_2026-07_posiedzenie_14.jpg\" data-attachment-id=\"2703\" data-type=\"image\" class=\"fg-thumb\"><span class=\"fg-image-wrap\"><img loading=\"lazy\" src=\"https:\/\/seirp.rzeszow.pl\/2025\/wp-content\/uploads\/cache\/2026\/09\/jaslo_2026-07_posiedzenie_14\/1820437657.jpg\" height=\"300\" width=\"406\" class=\"skip-lazy fg-image\" decoding=\"async\" loading=\"lazy\"><\/span><span class=\"fg-image-overlay\"><\/span><\/a><\/figure><div class=\"fg-loader\"><\/div><\/div><\/div>\n\n","protected":false},"excerpt":{"rendered":"<p>W dniu 21 sierpnia 2026 roku nad stawem w Zimnej Wodzie odby\u0142o si\u0119 uroczyste posiedzenie Zarz\u0105du Ko\u0142a Stowarzyszenia Emeryt\u00f3w i Rencist\u00f3w Policyjnych w Ja\u015ble z udzia\u0142em zaproszonych go\u015bci. Swoj\u0105 obecno\u015bci\u0105 zaszczycili nas: europose\u0142 Bogdan Rzo\u0144ca, W\u00f3jt Gminy Jas\u0142o Wojciech Pi\u0119ko\u015b, Zast\u0119pca W\u00f3jta Gminy Jas\u0142o Ewa Majewska, Komendant Powiatowy Policji w Ja\u015ble inspektor Grzegorz Koczera, Pierwszy [&hellip;]<\/p>\n","protected":false},"author":1,"featured_media":0,"comment_status":"closed","ping_status":"closed","sticky":false,"template":"","format":"standard","meta":{"_thinkrank_schema_form_data":"","_thinkrank_selected_schema_type":"","_thinkrank_additional_schemas":"","_thinkrank_canonical_url":"","_thinkrank_og_title":"","_thinkrank_og_description":"","_thinkrank_og_image":"","_thinkrank_twitter_title":"","_thinkrank_twitter_description":"","_thinkrank_twitter_image":"","_thinkrank_imported_from":"","_thinkrank_focus_keywords":[],"_thinkrank_focus_keyword":"","_thinkrank_robots_meta_enabled":0,"_thinkrank_robots_meta":"[]","_thinkrank_advanced_robots_meta":"[]","_thinkrank_primary_category":0,"footnotes":""},"categories":[37,35],"tags":[],"class_list":["post-2705","post","type-post","status-publish","format-standard","hentry","category-jaslo-kolo-aktualnosci","category-jaslo-kolo"],"_links":{"self":[{"href":"https:\/\/seirp.rzeszow.pl\/2025\/wp-json\/wp\/v2\/posts\/2705","targetHints":{"allow":["GET"]}}],"collection":[{"href":"https:\/\/seirp.rzeszow.pl\/2025\/wp-json\/wp\/v2\/posts"}],"about":[{"href":"https:\/\/seirp.rzeszow.pl\/2025\/wp-json\/wp\/v2\/types\/post"}],"author":[{"embeddable":true,"href":"https:\/\/seirp.rzeszow.pl\/2025\/wp-json\/wp\/v2\/users\/1"}],"replies":[{"embeddable":true,"href":"https:\/\/seirp.rzeszow.pl\/2025\/wp-json\/wp\/v2\/comments?post=2705"}],"version-history":[{"count":1,"href":"https:\/\/seirp.rzeszow.pl\/2025\/wp-json\/wp\/v2\/posts\/2705\/revisions"}],"predecessor-version":[{"id":2706,"href":"https:\/\/seirp.rzeszow.pl\/2025\/wp-json\/wp\/v2\/posts\/2705\/revisions\/2706"}],"wp:attachment":[{"href":"https:\/\/seirp.rzeszow.pl\/2025\/wp-json\/wp\/v2\/media?parent=2705"}],"wp:term":[{"taxonomy":"category","embeddable":true,"href":"https:\/\/seirp.rzeszow.pl\/2025\/wp-json\/wp\/v2\/categories?post=2705"},{"taxonomy":"post_tag","embeddable":true,"href":"https:\/\/seirp.rzeszow.pl\/2025\/wp-json\/wp\/v2\/tags?post=2705"}],"curies":[{"name":"wp","href":"https:\/\/api.w.org\/{rel}","templated":true}]}}