{"id":387,"date":"2025-01-01T09:15:00","date_gmt":"2025-01-01T09:15:00","guid":{"rendered":"https:\/\/seirp.rzeszow.pl\/2025\/?p=387"},"modified":"2025-11-12T14:57:27","modified_gmt":"2025-11-12T14:57:27","slug":"zarys-historii-seirp","status":"publish","type":"post","link":"https:\/\/seirp.rzeszow.pl\/2025\/zarys-historii-seirp\/","title":{"rendered":"Zarys historii SEiRP"},"content":{"rendered":"\n<p>Zarys historii SEiRP<\/p>\n\n\n\n<p>Na bazie powsta\u0142ej w Szczecinie terenowej organizacji zwi\u0105zku zawodowego emeryt\u00f3w i rencist\u00f3w NSZZ Policjant\u00f3w oraz dotychczas dzia\u0142aj\u0105cego klubu emeryt\u00f3w milicyjnych zawi\u0105za\u0142a si\u0119 wiosn\u0105 1990 roku grupa inicjatywna d\u0105\u017c\u0105ca do utworzenia nowej struktury organizacyjnej reprezentuj\u0105cej emeryt\u00f3w i rencist\u00f3w naszego resortu.<\/p>\n\n\n\n<p>Powsta\u0142a idea utworzenia Stowarzyszenia, kt\u00f3re by\u0142oby w stanie podj\u0105\u0107 dzia\u0142ania o utrzymanie wcze\u015bniej nabytych uprawnie\u0144 emerytalnych i zdobyczy socjalnych by\u0142ych funkcjonariuszy i \u017co\u0142nierzy resortu spraw wewn\u0119trznych.<\/p>\n\n\n\n<p>Czo\u0142owym reprezentantem tej idei i pierwszym realizatorem by\u0142 major w stanie spoczynku Adam Chatli\u0144ski, kt\u00f3ry w tym czasie rozpocz\u0105\u0142 rozmowy i konsultacje z przedstawicielami \u015brodowiska Koszalina, Poznania i Gorzowa Wlkp.<\/p>\n\n\n\n<p>W dniu 29 maja 1990 roku odby\u0142o si\u0119 w Szczecinie zebranie cz\u0142onk\u00f3w za\u0142o\u017cycieli, na kt\u00f3rym uchwalono powo\u0142anie do \u017cycia organizacji o zasi\u0119gu og\u00f3lnopolskim pod nazw\u0105 Stowarzyszenie Emeryt\u00f3w i Rencist\u00f3w Resortu Spraw Wewn\u0119trznych Rzeczypospolitej Polskiej. Na przewodnicz\u0105cego Komitetu Za\u0142o\u017cycielskiego powo\u0142ano Adama Chatli\u0144skiego.<\/p>\n\n\n\n<p>W dniu 22 listopada 1990 roku zosta\u0142 zwo\u0142any do Poznania I Krajowy Zjazd Stowarzyszenia Emeryt\u00f3w i Rencist\u00f3w Resortu Spraw Wewn\u0119trznych RP, w kt\u00f3rym uczestniczy\u0142o 70 delegat\u00f3w.<\/p>\n\n\n\n<p>Na pierwszym konstytucyjnym posiedzeniu Zarz\u0105du G\u0142\u00f3wnego wybrano Adama Chatli\u0144skiego na Prezesa Zarz\u0105du G\u0142\u00f3wnego.<\/p>\n\n\n\n<p>W przyj\u0119tej uchwale Zjazd stwierdzi\u0142 min., \u017ce Stowarzyszenie jest organizacj\u0105 dobrowoln\u0105, samorz\u0105dn\u0105, zrzeszaj\u0105c\u0105 emeryt\u00f3w i rencist\u00f3w RSW o r\u00f3\u017cnych orientacjach politycznych, \u015bwiatopogl\u0105dowych, zobowi\u0105za\u0142 zarz\u0105dy wojew\u00f3dzkie i ko\u0142a Stowarzyszenia do wsp\u00f3\u0142dzia\u0142ania z kierownictwem Resortu Spraw Wewn\u0119trznych, oraz NSZZ Policjant\u00f3w w zakresie realizacji cel\u00f3w statutowych, upowa\u017cni\u0142 te\u017c Prezydium ZG, do prowadzenia z kierownictwem MSW i innym w\u0142adzami centralnymi negocjacji w sprawach socjalno bytowych, opieki zdrowotnej, oraz zmian w przepisach emerytalno &#8211; bytowych.<\/p>\n\n\n\n<p>Znacz\u0105cym wydarzeniem w \u017cyciu Stowarzyszenia by\u0142o przekazanie Sztandaru SE i RSW RP ufundowanego przez cz\u0142onk\u00f3w i ogniwa terenowe. Uroczysto\u015b\u0107 odby\u0142a si\u0119 22 wrze\u015bnia 1994 roku w trakcie, kt\u00f3rej \u00f3wczesny Minister SWiA &#8211; Andrzej Milczanowski dokona\u0142 aktu wr\u0119czenia sztandaru Prezesowi ZG A. Chatli\u0144skiemu. Po cz\u0119\u015bci oficjalnej podkre\u015bli\u0142 zas\u0142ugi by\u0142ych funkcjonariuszy, obecnych emeryt\u00f3w RSW.<\/p>\n\n\n\n<p>Na kolejnym II Krajowym Zje\u017adzie Sprawozdawczo-Wyborczym ponownie wybrano Adama Chatli\u0144skiego na prezesa ZG.<\/p>\n\n\n\n<p>W okazji 5 lecia istnienia Stowarzyszenia odby\u0142o si\u0119 spotkanie z udzia\u0142em Ministra SWiA<br>A.. Milczanowskiego, Komendanta G\u0142\u00f3wnego nadinsp. Jerzego Sta\u0144czyka, v-ce dyrektora Inspektoratu Inspekcji i Nadzoru Henryka Sobczyka oraz przedstawicieli KKW NSZZ Policji i innych go\u015bci. W czasie tej uroczysto\u015bci Minister Milczanowski wyg\u0142osi\u0142 przem\u00f3wienie, w kt\u00f3rym uzasadnia\u0142 prawo naszych emeryt\u00f3w i rencist\u00f3w do przyznanych im wcze\u015bniej odr\u0119bnych \u015bwiadcze\u0144 emerytalno &#8211; rentowych.<\/p>\n\n\n\n<p>W lipcu 1996 roku zosta\u0142o podpisane porozumienie o wsp\u00f3\u0142dzia\u0142aniu i wsp\u00f3\u0142pracy mi\u0119dzy przedstawicielami ZG i Krajow\u0105 komisj\u0105 NSZZ Policjant\u00f3w. Jego intencj\u0105 by\u0142o rozwi\u0105zywanie wsp\u00f3lnych problem\u00f3w i obrona interes\u00f3w naszego \u015brodowiska. Przewodnicz\u0105cym porozumienia zosta\u0142 wybrany insp. w st. spocz. Piotr Prochnowski. Istotny wk\u0142ad w inicjatyw\u0119 oraz realizacj\u0119 porozumienia wnie\u015bli cz\u0142onkowie Prezydium ZG naszego Stowarzyszenia.<\/p>\n\n\n\n<p>Na kolejnym, III Krajowym Zje\u017adzie, kt\u00f3ry odby\u0142 si\u0119 20-21 listopada 1998 Prezesem ZG zosta\u0142 Lechos\u0142aw Bartosiak.<br>W przyj\u0119tej uchwale Zjazd stwierdzi\u0142 mi\u0119dzy innymi.: jednym z najwa\u017cniejszych zada\u0144 w\u0142adz cz\u0142onk\u00f3w Stowarzyszenia jest umocnienie istniej\u0105cych struktur organizacyjnych oraz umocnienie nowo powstaj\u0105cych oraz przystosowanie ich do nowego podzia\u0142u administracyjnego kraju.<\/p>\n\n\n\n<p>Na IV Zje\u017adzie Prezesem Prezydium ZG zosta\u0142 wybrany Jerzy \u017by\u017celewicz. W trakcie tej kadencji z wa\u017cniejszych zada\u0144 zrealizowano:<\/p>\n\n\n\n<ul class=\"wp-block-list\">\n<li>przed\u0142o\u017cono do Sejmu projekt inicjatywy obywatelskiej w sprawie niekorzystnych zmian emerytalnych dla \u015brodowiska emerytalnego,<\/li>\n\n\n\n<li>utworzono Zarz\u0105d Wojew\u00f3dzki w Opolu, z siedzib\u0105 w Nysie,<\/li>\n\n\n\n<li>uzyskano zezwolenie na nieodp\u0142atne korzystanie z pomieszcze\u0144 i \u0142\u0105czno\u015bci nale\u017c\u0105cych do Policji,<\/li>\n\n\n\n<li>uruchomiono program ubezpieczenia na \u017cycie pod nazw\u0105 Emeryt 2005.<\/li>\n<\/ul>\n\n\n\n<p>Na V Zje\u017adzie funkcj\u0119 prezesa przej\u0105\u0142 obecny Prezes insp. w st. spocz. Zdzis\u0142aw Czarnecki. Na tym\u017ce Zje\u017adzie wol\u0105 delegat\u00f3w: zmieniono dotychczasow\u0105 nazw\u0119 Stowarzyszenia na Stowarzyszenie Emeryt\u00f3w i Rencist\u00f3w Policyjnych.<br>W trakcie kadencji zrealizowano do chwili obecnej:<\/p>\n\n\n\n<ul class=\"wp-block-list\">\n<li>podpisano porozumienie z NSZZ Policjant\u00f3w, o wsp\u00f3\u0142pracy i wzajemnym wspieraniu si\u0119 organizacji,<\/li>\n\n\n\n<li>zmodyfikowano program ubezpieczenia na \u017cycie i utworzono program SEiRP 2009, w kt\u00f3rym przed\u0142u\u017cono wiek ubezpieczonego do 70 roku \u017cycia,<\/li>\n\n\n\n<li>podj\u0119to dzia\u0142ania wsp\u00f3lnie z emeryckimi organizacjami wojskowymi, stra\u017cy granicznej, s\u0142u\u017cby wi\u0119ziennej<br>i stra\u017cy po\u017carnej w celu utworzenia Federacji S\u0142u\u017cb Mundurowych,<\/li>\n\n\n\n<li>powo\u0142ano zesp\u00f3\u0142 ds. ustawy &#8222;deesbekizacyjnej&#8221; w ramach, kt\u00f3rego podj\u0119to dzia\u0142ania na szczeblu krajowym (Marsza\u0142ek Sejmu, Helsi\u0144ska Fundacja Praw Cz\u0142owieka, Rzecznik Praw Obywatelskich) i mi\u0119dzynarodowym (Parlament Europejski, Europejska Komisja Praw Cz\u0142owieka)<\/li>\n<\/ul>\n\n\n\n<p>\u0179r\u00f3d\u0142o: www.seirp.pl<\/p>\n","protected":false},"excerpt":{"rendered":"<p>Zarys historii SEiRP Na bazie powsta\u0142ej w Szczecinie terenowej organizacji zwi\u0105zku zawodowego emeryt\u00f3w i rencist\u00f3w NSZZ Policjant\u00f3w oraz dotychczas dzia\u0142aj\u0105cego klubu emeryt\u00f3w milicyjnych zawi\u0105za\u0142a si\u0119 wiosn\u0105 1990 roku grupa inicjatywna d\u0105\u017c\u0105ca do utworzenia nowej struktury organizacyjnej reprezentuj\u0105cej emeryt\u00f3w i rencist\u00f3w naszego resortu. Powsta\u0142a idea utworzenia Stowarzyszenia, kt\u00f3re by\u0142oby w stanie podj\u0105\u0107 dzia\u0142ania o utrzymanie wcze\u015bniej [&hellip;]<\/p>\n","protected":false},"author":1,"featured_media":0,"comment_status":"open","ping_status":"open","sticky":false,"template":"","format":"standard","meta":{"footnotes":""},"categories":[32],"tags":[],"class_list":["post-387","post","type-post","status-publish","format-standard","hentry","category-zarzad-wojewodzki"],"_links":{"self":[{"href":"https:\/\/seirp.rzeszow.pl\/2025\/wp-json\/wp\/v2\/posts\/387","targetHints":{"allow":["GET"]}}],"collection":[{"href":"https:\/\/seirp.rzeszow.pl\/2025\/wp-json\/wp\/v2\/posts"}],"about":[{"href":"https:\/\/seirp.rzeszow.pl\/2025\/wp-json\/wp\/v2\/types\/post"}],"author":[{"embeddable":true,"href":"https:\/\/seirp.rzeszow.pl\/2025\/wp-json\/wp\/v2\/users\/1"}],"replies":[{"embeddable":true,"href":"https:\/\/seirp.rzeszow.pl\/2025\/wp-json\/wp\/v2\/comments?post=387"}],"version-history":[{"count":3,"href":"https:\/\/seirp.rzeszow.pl\/2025\/wp-json\/wp\/v2\/posts\/387\/revisions"}],"predecessor-version":[{"id":539,"href":"https:\/\/seirp.rzeszow.pl\/2025\/wp-json\/wp\/v2\/posts\/387\/revisions\/539"}],"wp:attachment":[{"href":"https:\/\/seirp.rzeszow.pl\/2025\/wp-json\/wp\/v2\/media?parent=387"}],"wp:term":[{"taxonomy":"category","embeddable":true,"href":"https:\/\/seirp.rzeszow.pl\/2025\/wp-json\/wp\/v2\/categories?post=387"},{"taxonomy":"post_tag","embeddable":true,"href":"https:\/\/seirp.rzeszow.pl\/2025\/wp-json\/wp\/v2\/tags?post=387"}],"curies":[{"name":"wp","href":"https:\/\/api.w.org\/{rel}","templated":true}]}}