{"id":403,"date":"2025-01-01T18:04:00","date_gmt":"2025-01-01T18:04:00","guid":{"rendered":"https:\/\/seirp.rzeszow.pl\/2025\/?p=403"},"modified":"2025-11-12T14:58:43","modified_gmt":"2025-11-12T14:58:43","slug":"zarzad-wojewodzki","status":"publish","type":"post","link":"https:\/\/seirp.rzeszow.pl\/2025\/zarzad-wojewodzki\/","title":{"rendered":"Zarz\u0105d Wojew\u00f3dzki"},"content":{"rendered":"<h5 style=\"text-align: center;\"><em><strong>Zarz\u0105d Oddzia\u0142u Wojew\u00f3dzkiego<br \/>\nStowarzyszenia Emeryt\u00f3w i Rencist\u00f3w Policyjnych<br \/>\nw Rzeszowie<\/strong><\/em><\/h5>\n<p style=\"text-align: center;\">Jan Rusek &#8211; Prezes Zarz\u0105du Wojew\u00f3dzkiego<\/p>\n<p style=\"text-align: center;\">Waldemar Pieniowski &#8211; v-ce Prezes Zarz\u0105du Wojew\u00f3dzkiego<\/p>\n<p style=\"text-align: center;\">Marta Wytrwa\u0142 &#8211;&nbsp;v-ce Prezes Zarz\u0105du Wojew\u00f3dzkiego<\/p>\n<p style=\"text-align: center;\">Halina Pieniowska &#8211;&nbsp;Sekretarz<\/p>\n<p style=\"text-align: center;\">Grzegorz Kieba\u0142a &#8211; Skarbnik<\/p>\n<h5 style=\"text-align: center;\"><em><strong>Cz\u0142onkowie Zarz\u0105du<\/strong><\/em><\/h5>\n<p style=\"text-align: center;\">Marian Bile\u0144ki<\/p>\n<p style=\"text-align: center;\">Jan \u0141azowski<\/p>\n<p style=\"text-align: center;\">Miros\u0142aw Pawe\u0142ko<\/p>\n<p style=\"text-align: center;\">Genowefa \u015awi\u0105toniowska-Rusinek<\/p>\n<h5 style=\"text-align: center;\"><em><strong>Wojew\u00f3dzka Komisja Rewizyjna<\/strong><\/em><\/h5>\n<p style=\"text-align: center;\">Anna Bomba &#8211; Przewodnicz\u0105ca Wojew\u00f3dzkiej Komisji Rewizyjnej<\/p>\n<p style=\"text-align: center;\">Marek J\u0119drzejczyk &#8211; v-ce Przewodnicz\u0105cy<\/p>\n<p style=\"text-align: center;\">Andrzej Oleszek- Sekretarz<\/p>\n<p style=\"text-align: center;\">Dariusz Florek &#8211; cz\u0142onek Komisji Rewizyjnej<\/p>\n<p style=\"text-align: center;\">Tomasz Chojnacki &#8211; cz\u0142onek Komisji Rewizyjnej<\/p>\n<h5 style=\"text-align: center;\"><em><strong>Rzecznik Prasowy Zarz\u0105du Wojew\u00f3dzkiego<\/strong><\/em><\/h5>\n<p style=\"text-align: center;\">brak<\/p>\n<p style=\"text-align: center;\"><a href=\"mailto:seirp.rzeszow@gmail.com\">seirp.rzeszow@gmail.com<\/a><\/p>\n<h5 style=\"text-align: center;\"><em><strong>Administrator serwisu internetowego<\/strong><\/em><\/h5>\n<p style=\"text-align: center;\">Bogus\u0142aw Trzpit<\/p>\n<p style=\"text-align: center;\"><a href=\"mailto:bogt66@wp.pl\">bogt66@wp.pl<\/a><\/p>\n","protected":false},"excerpt":{"rendered":"<p>Zarz\u0105d Oddzia\u0142u Wojew\u00f3dzkiego Stowarzyszenia Emeryt\u00f3w i Rencist\u00f3w Policyjnych w Rzeszowie Jan Rusek &#8211; Prezes Zarz\u0105du Wojew\u00f3dzkiego Waldemar Pieniowski &#8211; v-ce Prezes Zarz\u0105du Wojew\u00f3dzkiego Marta Wytrwa\u0142 &#8211;&nbsp;v-ce Prezes Zarz\u0105du Wojew\u00f3dzkiego Halina Pieniowska &#8211;&nbsp;Sekretarz Grzegorz Kieba\u0142a &#8211; Skarbnik Cz\u0142onkowie Zarz\u0105du Marian Bile\u0144ki Jan \u0141azowski Miros\u0142aw Pawe\u0142ko Genowefa \u015awi\u0105toniowska-Rusinek Wojew\u00f3dzka Komisja Rewizyjna Anna Bomba &#8211; Przewodnicz\u0105ca Wojew\u00f3dzkiej Komisji [&hellip;]<\/p>\n","protected":false},"author":1,"featured_media":0,"comment_status":"open","ping_status":"open","sticky":false,"template":"","format":"standard","meta":{"footnotes":""},"categories":[32],"tags":[],"class_list":["post-403","post","type-post","status-publish","format-standard","hentry","category-zarzad-wojewodzki"],"_links":{"self":[{"href":"https:\/\/seirp.rzeszow.pl\/2025\/wp-json\/wp\/v2\/posts\/403","targetHints":{"allow":["GET"]}}],"collection":[{"href":"https:\/\/seirp.rzeszow.pl\/2025\/wp-json\/wp\/v2\/posts"}],"about":[{"href":"https:\/\/seirp.rzeszow.pl\/2025\/wp-json\/wp\/v2\/types\/post"}],"author":[{"embeddable":true,"href":"https:\/\/seirp.rzeszow.pl\/2025\/wp-json\/wp\/v2\/users\/1"}],"replies":[{"embeddable":true,"href":"https:\/\/seirp.rzeszow.pl\/2025\/wp-json\/wp\/v2\/comments?post=403"}],"version-history":[{"count":7,"href":"https:\/\/seirp.rzeszow.pl\/2025\/wp-json\/wp\/v2\/posts\/403\/revisions"}],"predecessor-version":[{"id":540,"href":"https:\/\/seirp.rzeszow.pl\/2025\/wp-json\/wp\/v2\/posts\/403\/revisions\/540"}],"wp:attachment":[{"href":"https:\/\/seirp.rzeszow.pl\/2025\/wp-json\/wp\/v2\/media?parent=403"}],"wp:term":[{"taxonomy":"category","embeddable":true,"href":"https:\/\/seirp.rzeszow.pl\/2025\/wp-json\/wp\/v2\/categories?post=403"},{"taxonomy":"post_tag","embeddable":true,"href":"https:\/\/seirp.rzeszow.pl\/2025\/wp-json\/wp\/v2\/tags?post=403"}],"curies":[{"name":"wp","href":"https:\/\/api.w.org\/{rel}","templated":true}]}}