{"id":841,"date":"2025-01-01T14:50:00","date_gmt":"2025-01-01T14:50:00","guid":{"rendered":"https:\/\/seirp.rzeszow.pl\/2025\/?p=841"},"modified":"2025-11-12T14:51:50","modified_gmt":"2025-11-12T14:51:50","slug":"zarzad-kola","status":"publish","type":"post","link":"https:\/\/seirp.rzeszow.pl\/2025\/zarzad-kola\/","title":{"rendered":"Zarz\u0105d Ko\u0142a"},"content":{"rendered":"\n<p><strong>Zarz\u0105d Ko\u0142a nr 1 Stowarzyszenia Emeryt\u00f3w i Rencist\u00f3w Policyjnych w Rzeszowie<\/strong><\/p>\n\n\n\n<p><strong>Numer konta bankowego<\/strong><\/p>\n\n\n\n<p><strong>Kredyt Bank &#8211; 72 1500 1100 1211 0006 4755 0000<\/strong><\/p>\n\n\n\n<figure class=\"wp-block-table\"><table class=\"has-fixed-layout\"><tbody><tr><td colspan=\"3\">&nbsp;&nbsp;&nbsp;<strong>Zarz\u0105d Ko\u0142a<\/strong><\/td><\/tr><tr><td><strong>&nbsp;Marian Bile\u0144ki<\/strong><\/td><td><strong>&#8211;&nbsp;<\/strong><\/td><td><strong>Prezes&nbsp;<\/strong><\/td><\/tr><tr><td><strong>&nbsp;Bo\u017cena Szubart<\/strong><\/td><td><strong>&#8211;<\/strong><\/td><td><strong>Wiceprezes&nbsp;<\/strong><\/td><\/tr><tr><td><strong>&nbsp;Edmund Kalandyk<\/strong><\/td><td><strong>&#8211;<\/strong><\/td><td><strong>Sekretarz Zarz\u0105du<\/strong><\/td><\/tr><tr><td><strong>&nbsp;Ewa Sowa<\/strong><\/td><td><strong>&#8211;&nbsp;<\/strong><\/td><td><strong>Skarbnik Zarz\u0105du<\/strong><\/td><\/tr><tr><td><strong>&nbsp;Andrzej Kosik<\/strong><\/td><td><strong>&#8211;&nbsp;<\/strong><\/td><td><strong>Cz\u0142onek Zarz\u0105du<\/strong><\/td><\/tr><tr><td><strong>&nbsp;Halina Wieczorowska<\/strong><\/td><td><strong>&#8211;&nbsp;<\/strong><\/td><td><strong>Cz\u0142onek Zarz\u0105du&nbsp;<\/strong><\/td><\/tr><tr><td><strong>&nbsp;Renata Jasi\u0144ska<\/strong><\/td><td><strong>&#8211;&nbsp;<\/strong><\/td><td><strong>Cz\u0142onek Zarz\u0105du&nbsp;<\/strong><\/td><\/tr><tr><td><strong>&nbsp;Andrzej Sowa<\/strong><\/td><td><strong>&#8211;<\/strong><\/td><td><strong>Cz\u0142onek Zarz\u0105du<\/strong><\/td><\/tr><tr><td>&nbsp;<\/td><td>&nbsp;<\/td><td>&nbsp;<\/td><\/tr><tr><td colspan=\"3\"><strong>Komisja Rewizyjna<\/strong><\/td><\/tr><tr><td><strong>Andrzej S\u0119pski<\/strong><\/td><td><strong>&#8211;<\/strong><\/td><td><strong>Przewodnicz\u0105cy<\/strong><\/td><\/tr><tr><td><strong>Stanis\u0142awa Gwi\u017cd\u017c<\/strong><\/td><td><strong>&#8211;<\/strong><\/td><td><strong>Cz\u0142onek Komisji<\/strong><\/td><\/tr><tr><td><strong>Ma\u0142gorzata G\u0142owa<\/strong><\/td><td><strong>&#8211;<\/strong><\/td><td><strong>Cz\u0142onek Komisji<\/strong><\/td><\/tr><\/tbody><\/table><\/figure>\n","protected":false},"excerpt":{"rendered":"<p>Zarz\u0105d Ko\u0142a nr 1 Stowarzyszenia Emeryt\u00f3w i Rencist\u00f3w Policyjnych w Rzeszowie Numer konta bankowego Kredyt Bank &#8211; 72 1500 1100 1211 0006 4755 0000 &nbsp;&nbsp;&nbsp;Zarz\u0105d Ko\u0142a &nbsp;Marian Bile\u0144ki &#8211;&nbsp; Prezes&nbsp; &nbsp;Bo\u017cena Szubart &#8211; Wiceprezes&nbsp; &nbsp;Edmund Kalandyk &#8211; Sekretarz Zarz\u0105du &nbsp;Ewa Sowa &#8211;&nbsp; Skarbnik Zarz\u0105du &nbsp;Andrzej Kosik &#8211;&nbsp; Cz\u0142onek Zarz\u0105du &nbsp;Halina Wieczorowska &#8211;&nbsp; Cz\u0142onek Zarz\u0105du&nbsp; &nbsp;Renata [&hellip;]<\/p>\n","protected":false},"author":1,"featured_media":0,"comment_status":"closed","ping_status":"open","sticky":false,"template":"","format":"standard","meta":{"footnotes":""},"categories":[38],"tags":[],"class_list":["post-841","post","type-post","status-publish","format-standard","hentry","category-rzeszow-kolo"],"_links":{"self":[{"href":"https:\/\/seirp.rzeszow.pl\/2025\/wp-json\/wp\/v2\/posts\/841","targetHints":{"allow":["GET"]}}],"collection":[{"href":"https:\/\/seirp.rzeszow.pl\/2025\/wp-json\/wp\/v2\/posts"}],"about":[{"href":"https:\/\/seirp.rzeszow.pl\/2025\/wp-json\/wp\/v2\/types\/post"}],"author":[{"embeddable":true,"href":"https:\/\/seirp.rzeszow.pl\/2025\/wp-json\/wp\/v2\/users\/1"}],"replies":[{"embeddable":true,"href":"https:\/\/seirp.rzeszow.pl\/2025\/wp-json\/wp\/v2\/comments?post=841"}],"version-history":[{"count":1,"href":"https:\/\/seirp.rzeszow.pl\/2025\/wp-json\/wp\/v2\/posts\/841\/revisions"}],"predecessor-version":[{"id":842,"href":"https:\/\/seirp.rzeszow.pl\/2025\/wp-json\/wp\/v2\/posts\/841\/revisions\/842"}],"wp:attachment":[{"href":"https:\/\/seirp.rzeszow.pl\/2025\/wp-json\/wp\/v2\/media?parent=841"}],"wp:term":[{"taxonomy":"category","embeddable":true,"href":"https:\/\/seirp.rzeszow.pl\/2025\/wp-json\/wp\/v2\/categories?post=841"},{"taxonomy":"post_tag","embeddable":true,"href":"https:\/\/seirp.rzeszow.pl\/2025\/wp-json\/wp\/v2\/tags?post=841"}],"curies":[{"name":"wp","href":"https:\/\/api.w.org\/{rel}","templated":true}]}}